{"id":93296,"date":"2025-01-18T22:01:47","date_gmt":"2025-01-18T22:01:47","guid":{"rendered":"https:\/\/tvbrazilusa.com\/2025\/01\/18\/flavio-bolsonaro-posta-video-dedicado-ao-pai-deus-vai-te-honrar\/"},"modified":"2025-01-18T22:01:49","modified_gmt":"2025-01-18T22:01:49","slug":"flavio-bolsonaro-posta-video-dedicado-ao-pai-deus-vai-te-honrar","status":"publish","type":"post","link":"https:\/\/tvbrazilusa.com\/pt\/2025\/01\/18\/flavio-bolsonaro-posta-video-dedicado-ao-pai-deus-vai-te-honrar\/","title":{"rendered":"Fl\u00e1vio Bolsonaro posta v\u00eddeo dedicado ao pai \u201cDeus vai te honrar\u201d"},"content":{"rendered":"<p> <script async src=\"https:\/\/pagead2.googlesyndication.com\/pagead\/js\/adsbygoogle.js?client=ca-pub-8864793242727901\"\r\n     crossorigin=\"anonymous\"><\/script><br \/>\n<\/p>\n<div>\n<p>Em uma declara\u00e7\u00e3o que chamou a aten\u00e7\u00e3o de pol\u00edticos e analistas, um apoiador do ex-presidente Jair Bolsonaro afirmou que o ministro do Supremo Tribunal Federal (STF) Alexandre de Moraes &#8220;tirou&#8221; Bolsonaro da posse de Donald Trump nos Estados Unidos, mas, ao mesmo tempo, o colocou &#8220;no mundo inteiro&#8221;. A afirma\u00e7\u00e3o reflete uma interpreta\u00e7\u00e3o simb\u00f3lica das recentes movimenta\u00e7\u00f5es pol\u00edticas, que envolvem Bolsonaro em um cen\u00e1rio internacional em vez de sua presen\u00e7a no evento de posse de Trump, que ocorreu em janeiro de 2021.\n<\/p>\n<p>Embora n\u00e3o haja registros oficiais de que o ministro Alexandre de Moraes tenha impedido fisicamente a presen\u00e7a de Bolsonaro na posse de Trump, a declara\u00e7\u00e3o parece remeter ao papel de Moraes nas a\u00e7\u00f5es judiciais que culminaram em eventos pol\u00edticos significativos para o Brasil, como a cassa\u00e7\u00e3o de certos direitos de Bolsonaro e a forma como ele tem sido tratado nas inst\u00e2ncias judiciais.<\/p>\n<p>Por outro lado, a men\u00e7\u00e3o de que Moraes &#8220;colocou Bolsonaro no mundo inteiro&#8221; parece refletir o impacto global da figura do ex-presidente, que, desde sua sa\u00edda do cargo, se envolveu em diversos discursos internacionais e foi uma figura central em debates sobre democracia, autoritarismo e o futuro do Brasil.\n<\/p>\n<p>A frase &#8220;Deus vai te honrar, pai&#8221;, que encerra a mensagem, \u00e9 uma express\u00e3o de apoio que se tornou comum entre os seguidores de Bolsonaro, demonstrando a fidelidade e a confian\u00e7a em sua lideran\u00e7a, mesmo ap\u00f3s sua sa\u00edda do poder.\n<\/p>\n<p>Esses acontecimentos ilustram as complexas rela\u00e7\u00f5es entre a pol\u00edtica nacional e o cen\u00e1rio internacional, al\u00e9m das tens\u00f5es existentes no atual momento pol\u00edtico brasileiro, onde figuras como Jair Bolsonaro e Alexandre de Moraes continuam a ser protagonistas de intensos debates. Enquanto o ex-presidente busca se reposicionar no cen\u00e1rio global, a figura do ministro do STF continua sendo um fator central nas disputas judiciais e pol\u00edticas que moldam o futuro do Brasil.\n<\/p>\n<p>Com a crescente presen\u00e7a de Bolsonaro em eventos internacionais e sua tentativa de se reconstituir como l\u00edder conservador em n\u00edvel global, a an\u00e1lise de sua trajet\u00f3ria, marcada por constantes embates com a justi\u00e7a, tende a ser um tema de discuss\u00e3o cada vez mais relevante no cen\u00e1rio pol\u00edtico.\n<\/p>\n<p><a href=\"https:\/\/x.com\/flaviobolsonaro\/status\/1880650416607973480?s=46\">Flavio Bolsonaro on X: &#8220;Alexandre de Moraes tirou @jairbolsonaro da posse de Trump nos Estados Unidos, mas o colocou no mundo inteiro! Deus vai te honrar, pai! https:\/\/t.co\/zDiQr64HGb&#8221; \/ X<\/a>\n<\/p>\n<p>Com informa\u00e7\u00f5es x flaviobolsonaro\n<\/p>\n<\/div>\n<p><br \/>\n<br \/><a href=\"https:\/\/diariodobrasilnoticias.com.br\/noticia\/flavio-bolsonaro-posta-video-dedicado-ao-pai-deus-vai-te-honrar-678c211a1cb07\">Source link <\/a><\/p>","protected":false},"excerpt":{"rendered":"<p>Em uma declara\u00e7\u00e3o que chamou a aten\u00e7\u00e3o de pol\u00edticos e analistas, um apoiador do ex-presidente Jair Bolsonaro afirmou que o ministro do Supremo Tribunal Federal (STF) Alexandre de Moraes &#8220;tirou&#8221;&hellip;<\/p>","protected":false},"author":1,"featured_media":93297,"comment_status":"closed","ping_status":"open","sticky":false,"template":"","format":"standard","meta":{"content-type":"","footnotes":""},"categories":[16],"tags":[123,2448,5313,1267],"class_list":["post-93296","post","type-post","status-publish","format-standard","has-post-thumbnail","hentry","category-noticias","tag-brasil","tag-diario","tag-noticia","tag-noticias"],"_links":{"self":[{"href":"https:\/\/tvbrazilusa.com\/pt\/wp-json\/wp\/v2\/posts\/93296","targetHints":{"allow":["GET"]}}],"collection":[{"href":"https:\/\/tvbrazilusa.com\/pt\/wp-json\/wp\/v2\/posts"}],"about":[{"href":"https:\/\/tvbrazilusa.com\/pt\/wp-json\/wp\/v2\/types\/post"}],"author":[{"embeddable":true,"href":"https:\/\/tvbrazilusa.com\/pt\/wp-json\/wp\/v2\/users\/1"}],"replies":[{"embeddable":true,"href":"https:\/\/tvbrazilusa.com\/pt\/wp-json\/wp\/v2\/comments?post=93296"}],"version-history":[{"count":1,"href":"https:\/\/tvbrazilusa.com\/pt\/wp-json\/wp\/v2\/posts\/93296\/revisions"}],"predecessor-version":[{"id":93298,"href":"https:\/\/tvbrazilusa.com\/pt\/wp-json\/wp\/v2\/posts\/93296\/revisions\/93298"}],"wp:featuredmedia":[{"embeddable":true,"href":"https:\/\/tvbrazilusa.com\/pt\/wp-json\/wp\/v2\/media\/93297"}],"wp:attachment":[{"href":"https:\/\/tvbrazilusa.com\/pt\/wp-json\/wp\/v2\/media?parent=93296"}],"wp:term":[{"taxonomy":"category","embeddable":true,"href":"https:\/\/tvbrazilusa.com\/pt\/wp-json\/wp\/v2\/categories?post=93296"},{"taxonomy":"post_tag","embeddable":true,"href":"https:\/\/tvbrazilusa.com\/pt\/wp-json\/wp\/v2\/tags?post=93296"}],"curies":[{"name":"wp","href":"https:\/\/api.w.org\/{rel}","templated":true}]}}