{"id":93305,"date":"2025-01-18T22:31:59","date_gmt":"2025-01-18T22:31:59","guid":{"rendered":"https:\/\/tvbrazilusa.com\/2025\/01\/18\/recuperando-minha-elegibilidade-ganho-as-eleicoes-diz-bolsonaro\/"},"modified":"2025-01-18T22:32:00","modified_gmt":"2025-01-18T22:32:00","slug":"recuperando-minha-elegibilidade-ganho-as-eleicoes-diz-bolsonaro","status":"publish","type":"post","link":"https:\/\/tvbrazilusa.com\/pt\/2025\/01\/18\/recuperando-minha-elegibilidade-ganho-as-eleicoes-diz-bolsonaro\/","title":{"rendered":"\u2018Recuperando minha elegibilidade, ganho as elei\u00e7\u00f5es\u2019, diz Bolsonaro"},"content":{"rendered":"<p> <script async src=\"https:\/\/pagead2.googlesyndication.com\/pagead\/js\/adsbygoogle.js?client=ca-pub-8864793242727901\"\r\n     crossorigin=\"anonymous\"><\/script><br \/>\n<\/p>\n<div id=\"taboola-read-more\" style=\"display:block; width:100%\">\n<p>O\u00a0<a title=\"https:\/\/noticias.r7.com\/brasilia\/bolsonaro-nega-contato-com-valdemar-costa-neto-ato-falho-de-jorginho-mello-18012025\/\" href=\"https:\/\/noticias.r7.com\/brasilia\/bolsonaro-nega-contato-com-valdemar-costa-neto-ato-falho-de-jorginho-mello-18012025\/\" target=\"_blank\" rel=\"noopener noreferrer\">ex-presidente Jair Bolsonaro<\/a>\u00a0afirmou neste s\u00e1bado (18) que tem certeza que, caso recupere a elegibilidade, ganha as elei\u00e7\u00f5es presidenciais de 2026. O pol\u00edtico ainda comparou a inelegibilidade dele \u00e0 ditadura venezuelana. As falas foram dadas a jornalistas durante a manh\u00e3, quando Bolsonaro levou a mulher, Michelle Bolsonaro, ao aeroporto de Bras\u00edlia.\n<\/p>\n<p class=\"dark:base-text-neutral-high-400 base-text-[calc(theme(fontSize.xs)_*_var(--font-size,_1))] base-font-normal base-font-primary base-text-neutral-low-500 base-text-left\"><span class=\"b-article-body__text\">\u201cTenho certeza que, recuperando a minha elegibilidade, ganho as elei\u00e7\u00f5es. Eu ineleg\u00edvel \u00e9 uma prova que estamos numa democracia como a da Venezuela, onde a oposi\u00e7\u00e3o \u00e9 eliminada por inelegibilidades como a Mar\u00eda Corina [l\u00edder da oposi\u00e7\u00e3o venezuelana] e o [Henrique, opositor] Capriles. Ou, ent\u00e3o, como l\u00e1 em El Salvador, na Nicar\u00e1gua, onde sete opositores do Ortega est\u00e3o presos\u201d, afirmou.<\/span><\/p>\n<p>\u00a0<\/p>\n<p class=\"dark:base-text-neutral-high-400 base-text-[calc(theme(fontSize.xs)_*_var(--font-size,_1))] base-font-normal base-font-primary base-text-neutral-low-500 base-text-left\"><span class=\"b-article-body__text\">Durante a fala, Bolsonaro questionou os motivos para estar ineleg\u00edvel.<\/span>\n<\/p>\n<p class=\"dark:base-text-neutral-high-400 base-text-[calc(theme(fontSize.xs)_*_var(--font-size,_1))] base-font-normal base-font-primary base-text-neutral-low-500 base-text-left\"><span class=\"b-article-body__text\">\u201cQue democracia \u00e9 essa? Estou ineleg\u00edvel. Primeiro, por abuso de poder pol\u00edtico por se reunir com embaixadores. A minha segunda inelegibilidade, abuso de poder econ\u00f4mico. Acabou o 7 de Setembro aqui em Bras\u00edlia, entreguei a faixa para um assessor meu, ali fora, pr\u00f3ximo a um milh\u00e3o de pessoas, falei. O que eu gastei naquele evento? N\u00e3o usei estrutura do governo para juntar aquele pessoal l\u00e1. Aonde quer que eu v\u00e1 no Brasil a multid\u00e3o est\u00e1 do meu lado\u201d, completou.<\/span>\n<\/p>\n<h3 class=\"dark:base-text-neutral-high-400 base-text-md base-font-semibold base-font-primary base-text-neutral-low-500\">Posse de Trump<\/h3>\n<p class=\"dark:base-text-neutral-high-400 base-text-[calc(theme(fontSize.xs)_*_var(--font-size,_1))] base-font-normal base-font-primary base-text-neutral-low-500 base-text-left\"><span class=\"b-article-body__text\">O ex-presidente afirmou estar \u201cabalado\u201d e \u201cconstrangido\u201d por\u00a0<a title=\"https:\/\/noticias.r7.com\/brasilia\/bolsonaro-vai-a-aeroporto-e-afirma-estar-abalado-por-nao-poder-ir-a-posse-de-trump-18012025\/\" href=\"https:\/\/noticias.r7.com\/brasilia\/bolsonaro-vai-a-aeroporto-e-afirma-estar-abalado-por-nao-poder-ir-a-posse-de-trump-18012025\/\" target=\"_blank\" rel=\"noopener noreferrer\">n\u00e3o poder ir \u00e0 posse de Donald Trump<\/a>\u00a0nos Estados Unidos. O passaporte de Bolsonaro est\u00e1 retido desde fevereiro de 2024. Ele pediu a devolu\u00e7\u00e3o do documento ao ministro do STF (Supremo Tribunal Federal) Alexandre de Moraes, que negou a solicita\u00e7\u00e3o.<\/span>\n<\/p>\n<p class=\"dark:base-text-neutral-high-400 base-text-[calc(theme(fontSize.xs)_*_var(--font-size,_1))] base-font-normal base-font-primary base-text-neutral-low-500 base-text-left\"><span class=\"b-article-body__text\">A defesa de\u00a0<a href=\"https:\/\/noticias.r7.com\/prisma\/blog-do-nolasco\/bolsonaro-decide-recorrer-da-decisao-de-moraes-16012025\/\">Bolsonaro recorreu da decis\u00e3o de Moraes<\/a>, mas o ministro tamb\u00e9m negou o recurso e manteve o passaporte retido. Dessa forma, Bolsonaro decidiu enviar Michelle para represent\u00e1-lo na posse do presidente eleito Donald Trump. O evento est\u00e1 marcado para a pr\u00f3xima segunda-feira (20).<\/span>\n<\/p>\n<p class=\"dark:base-text-neutral-high-400 base-text-[calc(theme(fontSize.xs)_*_var(--font-size,_1))] base-font-normal base-font-primary base-text-neutral-low-500 base-text-left\"><span class=\"b-article-body__text\">\u201cEstou chateado, estou abalado ainda. Eu enfrento uma enorme persegui\u00e7\u00e3o pol\u00edtica por parte de uma pessoa. Essa pessoa [em refer\u00eancia a Moraes] decide a vida de milh\u00f5es de pessoas no Brasil. Ele e mais ningu\u00e9m. Ele \u00e9 o dono do processo. Ele \u00e9 o dono de tudo. Quando quer ignora o Minist\u00e9rio P\u00fablico, faz o que bem entende. O objetivo \u00e9 eliminar a direita do Brasil\u201d, afirmou.<\/span>\n<\/p>\n<p class=\"dark:base-text-neutral-high-400 base-text-[calc(theme(fontSize.xs)_*_var(--font-size,_1))] base-font-normal base-font-primary base-text-neutral-low-500 base-text-left\"><span class=\"b-article-body__text\">Ele tamb\u00e9m criticou o fato de n\u00e3o poder deixar o pa\u00eds mesmo sem ter condena\u00e7\u00e3o na Justi\u00e7a.<\/span>\n<\/p>\n<p class=\"dark:base-text-neutral-high-400 base-text-[calc(theme(fontSize.xs)_*_var(--font-size,_1))] base-font-normal base-font-primary base-text-neutral-low-500 base-text-left\"><span class=\"b-article-body__text\">\u201cSou investigado desde 2019, naquele fat\u00eddico inqu\u00e9rito das fake news, que est\u00e1 completando seis anos. H\u00e1 dois anos aconteceu o 8 de Janeiro, e at\u00e9 hoje n\u00e3o sabem quem liderou a tentativa de golpe, segundo eles. Que golpe foi esse?\u201d, disse o ex-presidente.<\/span>\n<\/p>\n<p class=\"dark:base-text-neutral-high-400 base-text-[calc(theme(fontSize.xs)_*_var(--font-size,_1))] base-font-normal base-font-primary base-text-neutral-low-500 base-text-left\"><span class=\"b-article-body__text\">\u201cEu represento a direita no Brasil. Lamentavelmente, n\u00e3o pude comparecer nesse evento nos Estados Unidos sem ter uma condena\u00e7\u00e3o sequer. A imprensa do mundo todo vem noticiando isso da\u00ed. N\u00e3o v\u00e3o nos vencer por narrativas. N\u00e3o pode uma pessoa no Supremo Tribunal Federal ser o dono da verdade, o dono do mundo, decidir o que faz com a vida de quem quer que seja\u201d, continuou.<\/span>\n<\/p>\n<p class=\"dark:base-text-neutral-high-400 base-text-[calc(theme(fontSize.xs)_*_var(--font-size,_1))] base-font-normal base-font-primary base-text-neutral-low-500 base-text-left\"><span class=\"b-article-body__text\">Com informa\u00e7\u00f5es R7<\/span>              <\/p>\n<\/div>\n<p><br \/>\n<br \/><a href=\"https:\/\/diariodobrasilnoticias.com.br\/noticia\/-recuperando-minha-elegibilidade-ganho-as-eleicoes-diz-bolsonaro-678c288ae7c14\">Source link <\/a><\/p>","protected":false},"excerpt":{"rendered":"<p>O\u00a0ex-presidente Jair Bolsonaro\u00a0afirmou neste s\u00e1bado (18) que tem certeza que, caso recupere a elegibilidade, ganha as elei\u00e7\u00f5es presidenciais de 2026. O pol\u00edtico ainda comparou a inelegibilidade dele \u00e0 ditadura venezuelana.&hellip;<\/p>","protected":false},"author":1,"featured_media":93306,"comment_status":"closed","ping_status":"open","sticky":false,"template":"","format":"standard","meta":{"content-type":"","footnotes":""},"categories":[16],"tags":[123,2448,5313,1267],"class_list":["post-93305","post","type-post","status-publish","format-standard","has-post-thumbnail","hentry","category-noticias","tag-brasil","tag-diario","tag-noticia","tag-noticias"],"_links":{"self":[{"href":"https:\/\/tvbrazilusa.com\/pt\/wp-json\/wp\/v2\/posts\/93305","targetHints":{"allow":["GET"]}}],"collection":[{"href":"https:\/\/tvbrazilusa.com\/pt\/wp-json\/wp\/v2\/posts"}],"about":[{"href":"https:\/\/tvbrazilusa.com\/pt\/wp-json\/wp\/v2\/types\/post"}],"author":[{"embeddable":true,"href":"https:\/\/tvbrazilusa.com\/pt\/wp-json\/wp\/v2\/users\/1"}],"replies":[{"embeddable":true,"href":"https:\/\/tvbrazilusa.com\/pt\/wp-json\/wp\/v2\/comments?post=93305"}],"version-history":[{"count":1,"href":"https:\/\/tvbrazilusa.com\/pt\/wp-json\/wp\/v2\/posts\/93305\/revisions"}],"predecessor-version":[{"id":93307,"href":"https:\/\/tvbrazilusa.com\/pt\/wp-json\/wp\/v2\/posts\/93305\/revisions\/93307"}],"wp:featuredmedia":[{"embeddable":true,"href":"https:\/\/tvbrazilusa.com\/pt\/wp-json\/wp\/v2\/media\/93306"}],"wp:attachment":[{"href":"https:\/\/tvbrazilusa.com\/pt\/wp-json\/wp\/v2\/media?parent=93305"}],"wp:term":[{"taxonomy":"category","embeddable":true,"href":"https:\/\/tvbrazilusa.com\/pt\/wp-json\/wp\/v2\/categories?post=93305"},{"taxonomy":"post_tag","embeddable":true,"href":"https:\/\/tvbrazilusa.com\/pt\/wp-json\/wp\/v2\/tags?post=93305"}],"curies":[{"name":"wp","href":"https:\/\/api.w.org\/{rel}","templated":true}]}}