{"id":93311,"date":"2025-01-18T22:43:01","date_gmt":"2025-01-18T22:43:01","guid":{"rendered":"https:\/\/tvbrazilusa.com\/2025\/01\/18\/engenheira-ambiental-brasileira-desaparece-em-paris\/"},"modified":"2025-01-18T22:43:02","modified_gmt":"2025-01-18T22:43:02","slug":"engenheira-ambiental-brasileira-desaparece-em-paris","status":"publish","type":"post","link":"https:\/\/tvbrazilusa.com\/pt\/2025\/01\/18\/engenheira-ambiental-brasileira-desaparece-em-paris\/","title":{"rendered":"Engenheira ambiental brasileira desaparece em Paris"},"content":{"rendered":"<p> <script async src=\"https:\/\/pagead2.googlesyndication.com\/pagead\/js\/adsbygoogle.js?client=ca-pub-8864793242727901\"\r\n     crossorigin=\"anonymous\"><\/script><br \/>\n<\/p>\n<div id=\"taboola-read-more\" style=\"display:block; width:100%\">\n<p>Uma engenheira ambiental brasileira, identificada como G\u00e9ssica Carla da Silva, de 33 anos,\u00a0<strong>desapareceu em Paris<\/strong>\u00a0durante uma viagem a turismo. Ela havia sa\u00eddo de Lisboa, onde reside, para a Fran\u00e7a, no dia 8 de janeiro de 2025.\n<\/p>\n<p>Durante entrevista \u00e0\u00a0<strong>CNN<\/strong>, a tia de G\u00e9ssica, Aparecida Silva, contou que a brasileira passou mal no \u00faltimo domingo (12) e perdeu o voo de retorno a Portugal devido a um pico de ansiedade.<\/p>\n<p>Em seguida, G\u00e9ssica procurou ajuda m\u00e9dica em um hospital, e retornou ao hostel onde estava hospedada.\n<\/p>\n<p>\u201cNa segunda-feira (13),\u00a0<strong>ela ligou nervosa<\/strong>\u00a0e depois contou que havia se sentido melhor e que iria descansar no quarto do hostel. Desde ent\u00e3o,\u00a0<strong>perdemos todo o contato com ela<\/strong>\u201c, acrescentou a tia.\n<\/p>\n<p>Aparecida, residente em Lisboa, e tentou manter contato com a sobrinha por diversos meios, mas sem sucesso. Ela procurou a pol\u00edcia local e acionou o consulado brasileiro na capital portuguesa, al\u00e9m de realizar comunica\u00e7\u00f5es com as autoridades francesas e brasileiras.\n<\/p>\n<p><strong>\u201cEu estou desesperada, quero saber o que aconteceu com ela, precisamos de ajuda\u201d<\/strong>, afirmou a tia da engenheira.\n<\/p>\n<p>A fam\u00edlia de G\u00e9ssica, natural de Cariacica, no Esp\u00edrito Santo, foi informada sobre o desaparecimento, mas encontra dificuldades para viajar ao Rio de Janeiro,\u00a0<strong>onde a Pol\u00edcia Federal orientou que fosse feita a queixa de desaparecimento.<\/strong>\n<\/p>\n<h2>O que o Itamaraty diz<\/h2>\n<p>O Minist\u00e9rio das Rela\u00e7\u00f5es Exteriores (Itamaraty), por meio do Consulado-Geral do Brasil em Paris, informou que \u201c<strong>est\u00e1 ciente do caso e \u00e0 disposi\u00e7\u00e3o<\/strong>\u00a0para oferecer a assist\u00eancia necess\u00e1ria aos familiares\u201d.\n<\/p>\n<p>O Itamaraty destacou que, em conformidade com a Lei de Acesso \u00e0 Informa\u00e7\u00e3o, \u201cn\u00e3o fornece informa\u00e7\u00f5es sobre casos individuais de assist\u00eancia a cidad\u00e3os brasileiros\u201d.\n<\/p>\n<p>Com informa\u00e7\u00f5es cnn              <\/p>\n<\/div>\n<p><br \/>\n<br \/><a href=\"https:\/\/diariodobrasilnoticias.com.br\/noticia\/engenheira-ambiental-brasileira-desaparece-em-paris-678c18eeac50b\">Source link <\/a><\/p>","protected":false},"excerpt":{"rendered":"<p>Uma engenheira ambiental brasileira, identificada como G\u00e9ssica Carla da Silva, de 33 anos,\u00a0desapareceu em Paris\u00a0durante uma viagem a turismo. Ela havia sa\u00eddo de Lisboa, onde reside, para a Fran\u00e7a, no&hellip;<\/p>","protected":false},"author":1,"featured_media":93312,"comment_status":"closed","ping_status":"open","sticky":false,"template":"","format":"standard","meta":{"content-type":"","footnotes":""},"categories":[16],"tags":[123,2448,5313,1267],"class_list":["post-93311","post","type-post","status-publish","format-standard","has-post-thumbnail","hentry","category-noticias","tag-brasil","tag-diario","tag-noticia","tag-noticias"],"_links":{"self":[{"href":"https:\/\/tvbrazilusa.com\/pt\/wp-json\/wp\/v2\/posts\/93311","targetHints":{"allow":["GET"]}}],"collection":[{"href":"https:\/\/tvbrazilusa.com\/pt\/wp-json\/wp\/v2\/posts"}],"about":[{"href":"https:\/\/tvbrazilusa.com\/pt\/wp-json\/wp\/v2\/types\/post"}],"author":[{"embeddable":true,"href":"https:\/\/tvbrazilusa.com\/pt\/wp-json\/wp\/v2\/users\/1"}],"replies":[{"embeddable":true,"href":"https:\/\/tvbrazilusa.com\/pt\/wp-json\/wp\/v2\/comments?post=93311"}],"version-history":[{"count":1,"href":"https:\/\/tvbrazilusa.com\/pt\/wp-json\/wp\/v2\/posts\/93311\/revisions"}],"predecessor-version":[{"id":93313,"href":"https:\/\/tvbrazilusa.com\/pt\/wp-json\/wp\/v2\/posts\/93311\/revisions\/93313"}],"wp:featuredmedia":[{"embeddable":true,"href":"https:\/\/tvbrazilusa.com\/pt\/wp-json\/wp\/v2\/media\/93312"}],"wp:attachment":[{"href":"https:\/\/tvbrazilusa.com\/pt\/wp-json\/wp\/v2\/media?parent=93311"}],"wp:term":[{"taxonomy":"category","embeddable":true,"href":"https:\/\/tvbrazilusa.com\/pt\/wp-json\/wp\/v2\/categories?post=93311"},{"taxonomy":"post_tag","embeddable":true,"href":"https:\/\/tvbrazilusa.com\/pt\/wp-json\/wp\/v2\/tags?post=93311"}],"curies":[{"name":"wp","href":"https:\/\/api.w.org\/{rel}","templated":true}]}}