{"id":93320,"date":"2025-01-18T23:06:42","date_gmt":"2025-01-18T23:06:42","guid":{"rendered":"https:\/\/tvbrazilusa.com\/2025\/01\/18\/jovem-sequestrada-em-santa-catarina-e-encontrada-morta-em-mata-do-parana-tres-meses-apos-o-crime\/"},"modified":"2025-01-18T23:06:43","modified_gmt":"2025-01-18T23:06:43","slug":"jovem-sequestrada-em-santa-catarina-e-encontrada-morta-em-mata-do-parana-tres-meses-apos-o-crime","status":"publish","type":"post","link":"https:\/\/tvbrazilusa.com\/pt\/2025\/01\/18\/jovem-sequestrada-em-santa-catarina-e-encontrada-morta-em-mata-do-parana-tres-meses-apos-o-crime\/","title":{"rendered":"Jovem sequestrada em Santa Catarina \u00e9 encontrada morta em mata do Paran\u00e1 tr\u00eas meses ap\u00f3s o crime"},"content":{"rendered":"<p> <script async src=\"https:\/\/pagead2.googlesyndication.com\/pagead\/js\/adsbygoogle.js?client=ca-pub-8864793242727901\"\r\n     crossorigin=\"anonymous\"><\/script><br \/>\n<\/p>\n<div data-block-type=\"unstyled\" data-block-weight=\"51\" data-block-id=\"2\">\n<p class=\"content-text__container\" data-track-category=\"Link no Texto\" data-track-links=\"\" data-mrf-recirculation=\"Mat\u00e9ria - Links no Texto\">Camila Florindo D&#8217;Avila, de 23 anos, foi encontrada morta em uma mata na cidade de\u00a0<a class=\"\" href=\"https:\/\/g1.globo.com\/pr\/campos-gerais-sul\/cidade\/ibaiti\/\" data-mrf-link=\"https:\/\/g1.globo.com\/pr\/campos-gerais-sul\/cidade\/ibaiti\/\">Ibaiti<\/a>, no norte do Paran\u00e1. Segundo a Pol\u00edcia Civil de Santa Catarina, ela foi sequestrada em\u00a0<a class=\"\" href=\"https:\/\/g1.globo.com\/sc\/santa-catarina\/cidade\/araquari\/\" data-mrf-link=\"https:\/\/g1.globo.com\/sc\/santa-catarina\/cidade\/araquari\/\">Araquari (SC)<\/a>, cidade onde morava, que fica a mais de 450 quil\u00f4metros de dist\u00e2ncia de onde o corpo foi achado.\n<\/p>\n<\/div>\n<p><br \/>\n<br \/><a href=\"https:\/\/diariodobrasilnoticias.com.br\/noticia\/jovem-sequestrada-em-santa-catarina-e-encontrada-morta-em-mata-do-parana-tres-meses-apos-o-crime-678c199b98508\">Source link <\/a><\/p>","protected":false},"excerpt":{"rendered":"<p>Camila Florindo D&#8217;Avila, de 23 anos, foi encontrada morta em uma mata na cidade de\u00a0Ibaiti, no norte do Paran\u00e1. Segundo a Pol\u00edcia Civil de Santa Catarina, ela foi sequestrada em\u00a0Araquari&hellip;<\/p>","protected":false},"author":1,"featured_media":93321,"comment_status":"closed","ping_status":"open","sticky":false,"template":"","format":"standard","meta":{"content-type":"","footnotes":""},"categories":[16],"tags":[123,2448,5313,1267],"class_list":["post-93320","post","type-post","status-publish","format-standard","has-post-thumbnail","hentry","category-noticias","tag-brasil","tag-diario","tag-noticia","tag-noticias"],"_links":{"self":[{"href":"https:\/\/tvbrazilusa.com\/pt\/wp-json\/wp\/v2\/posts\/93320","targetHints":{"allow":["GET"]}}],"collection":[{"href":"https:\/\/tvbrazilusa.com\/pt\/wp-json\/wp\/v2\/posts"}],"about":[{"href":"https:\/\/tvbrazilusa.com\/pt\/wp-json\/wp\/v2\/types\/post"}],"author":[{"embeddable":true,"href":"https:\/\/tvbrazilusa.com\/pt\/wp-json\/wp\/v2\/users\/1"}],"replies":[{"embeddable":true,"href":"https:\/\/tvbrazilusa.com\/pt\/wp-json\/wp\/v2\/comments?post=93320"}],"version-history":[{"count":1,"href":"https:\/\/tvbrazilusa.com\/pt\/wp-json\/wp\/v2\/posts\/93320\/revisions"}],"predecessor-version":[{"id":93322,"href":"https:\/\/tvbrazilusa.com\/pt\/wp-json\/wp\/v2\/posts\/93320\/revisions\/93322"}],"wp:featuredmedia":[{"embeddable":true,"href":"https:\/\/tvbrazilusa.com\/pt\/wp-json\/wp\/v2\/media\/93321"}],"wp:attachment":[{"href":"https:\/\/tvbrazilusa.com\/pt\/wp-json\/wp\/v2\/media?parent=93320"}],"wp:term":[{"taxonomy":"category","embeddable":true,"href":"https:\/\/tvbrazilusa.com\/pt\/wp-json\/wp\/v2\/categories?post=93320"},{"taxonomy":"post_tag","embeddable":true,"href":"https:\/\/tvbrazilusa.com\/pt\/wp-json\/wp\/v2\/tags?post=93320"}],"curies":[{"name":"wp","href":"https:\/\/api.w.org\/{rel}","templated":true}]}}