{"id":9333,"date":"2024-07-22T13:57:16","date_gmt":"2024-07-22T13:57:16","guid":{"rendered":"https:\/\/tvbrazilusa.com\/2024\/07\/22\/esportes-as-5-maiores-perguntas-para-a-primeira-semana-de-treinamento-dos-jaguars-jacksonville-today\/"},"modified":"2024-07-26T19:55:56","modified_gmt":"2024-07-26T19:55:56","slug":"esportes-as-5-maiores-perguntas-para-a-primeira-semana-de-treinamento-dos-jaguars-jacksonville-today","status":"publish","type":"post","link":"https:\/\/tvbrazilusa.com\/pt\/2024\/07\/22\/esportes-as-5-maiores-perguntas-para-a-primeira-semana-de-treinamento-dos-jaguars-jacksonville-today\/","title":{"rendered":"ESPORTES | As 5 maiores perguntas para a primeira semana de treinamento dos Jaguars &#8211; Jacksonville Today"},"content":{"rendered":"<p> <script async src=\"https:\/\/pagead2.googlesyndication.com\/pagead\/js\/adsbygoogle.js?client=ca-pub-8864793242727901\"\r\n     crossorigin=\"anonymous\"><\/script><br \/>\n<\/p>\n<div>\n<p>Os Jaguars abrem o campo de treinamento na quarta-feira, dando in\u00edcio \u00e0 miss\u00e3o de retornar \u00e0 p\u00f3s-temporada.<\/p>\n<p>Aqui est\u00e3o cinco perguntas importantes a serem respondidas na primeira semana do terceiro acampamento de Doug Pederson como treinador principal dos Jaguars.<\/p>\n<h3 class=\"wp-block-heading\">1. <strong>Trevor Lawrence dar\u00e1 o pr\u00f3ximo passo?<\/strong><\/h3>\n<p>Nessa \u00e9poca no ano passado, fizemos a mesma pergunta sobre o quarterback dos Jaguars. Vindo de uma vit\u00f3ria no playoff quando ele foi o her\u00f3i no segundo tempo, Lawrence parecia pronto para se juntar a jogadores como Joe Burrow e Josh Allen como o QB mais prov\u00e1vel de desafiar Patrick Mahomes. A primeira metade da temporada de Lawrence foi boa, n\u00e3o \u00f3tima. Ent\u00e3o as les\u00f5es come\u00e7aram a se acumular. Enquanto Lawrence jogou com uma cole\u00e7\u00e3o de pancadas e contus\u00f5es, seu jogo sofreu.<\/p>\n<p>Ser\u00e1 que Lawrence vai parecer o quarterback que parecia destinado ao estrelato ou ele ainda est\u00e1 se recuperando das les\u00f5es da temporada passada? Devemos dar uma boa olhada nele nos treinos de abertura do acampamento.<\/p>\n<h3 class=\"wp-block-heading\">2. <strong>Como ser\u00e3o as principais adi\u00e7\u00f5es?<\/strong><\/h3>\n<p>Os Jaguars adicionaram v\u00e1rios novos jogadores via ag\u00eancia livre na offseason. Alguns ser\u00e3o mais f\u00e1ceis de julgar na primeira semana de acampamento. Antes do primeiro jogo, pode ser dif\u00edcil avaliar o jogo de linemen como o center Mitch Morse. Mas jogadores de posi\u00e7\u00e3o de habilidade podem causar uma impress\u00e3o inicial. O wide receiver Gabe Davis, o cornerback Ronald Darby, o defensive back Darnell Savage e o kick returner Devin Duvernay podem mostrar seu potencial antes que o time coloque os protetores.<\/p>\n<h3 class=\"wp-block-heading\">3. <strong>Quando Arik Armstead entrar\u00e1 em campo?<\/strong><\/h3>\n<p>Outra adi\u00e7\u00e3o, talvez a maior contrata\u00e7\u00e3o de agente livre da offseason pelos Jaguars, o jogador de linha defensiva Arik Armstead foi colocado na lista Ativo\/Fisicamente Incapaz de Atuar na semana passada. Isso significa que ele ainda est\u00e1 se recuperando de uma cirurgia e n\u00e3o trabalhar\u00e1 com o time durante os treinos do training camp at\u00e9 que a designa\u00e7\u00e3o seja removida. Quanto tempo isso vai durar? Isso ainda est\u00e1 para ser visto, mas os Jaguars querem que Armstead esteja saud\u00e1vel e preparado para causar impacto quando a temporada regular come\u00e7ar. Espere uma abordagem cautelosa com Armstead.<\/p>\n<h3 class=\"wp-block-heading\">4. <strong>Como ser\u00e1 a defesa dos Jaguars?<\/strong><\/h3>\n<p>Quando os Jaguars contrataram Ryan Nielsen como coordenador defensivo, substituindo Mike Caldwell, isso sinalizou uma mudan\u00e7a na filosofia desse lado da bola. Por um lado, Nielsen favorece uma forma\u00e7\u00e3o diferente: uma linha de quatro homens em vez da linha de tr\u00eas homens que os Jaguars tendiam a usar sob Caldwell. O que isso significar\u00e1 para Josh Hines-Allen e Travon Walker? Ambos foram utilizados como linebackers externos quando os Jaguars empregaram uma defesa 3-4 em temporadas passadas. Eles passar\u00e3o mais tempo com a m\u00e3o no ch\u00e3o como pontas defensivas? E se sim, como isso afetar\u00e1 o uso de linebackers como Devin Lloyd?<\/p>\n<p>Mais importante, isso levar\u00e1 a uma press\u00e3o maior sobre o quarterback al\u00e9m de Hines-Allen e Walker, que foram os \u00fanicos pass rushers consistentes do time na temporada passada?<\/p>\n<h3 class=\"wp-block-heading\">5. <strong>Como os novatos v\u00e3o se adaptar?<\/strong><\/h3>\n<p>H\u00e1 entusiasmo em torno da classe de novatos dos Jaguars, especialmente a escolha de primeira rodada Brian Thomas Jr. O wide receiver da Louisiana State University demonstrou sua velocidade profunda durante os treinos de offseason e recebeu \u00f3timas cr\u00edticas de Lawrence sobre sua intelig\u00eancia no futebol. Que tipo de impacto ele pode causar? Suspeito que Thomas fornecer\u00e1 algumas capturas de destaque na primeira semana, enquanto ele passa pelos defensive backs. A grande quest\u00e3o ser\u00e1 como ele se ajusta a ser atingido pelos defensores da NFL. Isso n\u00e3o acontecer\u00e1 at\u00e9 que os jogos da pr\u00e9-temporada comecem.<\/p>\n<p>Outros novatos para ficar de olho na parte inicial do training camp incluem a escolha da terceira rodada Jarrian Jones, que se destacou nos treinos de offseason. Como cornerback, ele deve ser capaz de mostrar sua habilidade na primeira semana do training camp.<\/p>\n<p>Tamb\u00e9m poderemos comparar o novato kicker Cam Little, uma escolha de sexta rodada, ao veterano Riley Patterson, que foi trazido de volta nesta offseason depois de passar a temporada de 2022 em Jacksonville.<\/p>\n<p>\u00c9 apenas a primeira semana de treinamento, mas o que veremos direcionar\u00e1 as hist\u00f3rias para o resto da pr\u00e9-temporada e come\u00e7ar\u00e1 a responder \u00e0 maior pergunta do ano: os Jaguars est\u00e3o prontos para retornar aos playoffs?<\/p>\n<\/div>\n<p><br \/>\n<br \/><a href=\"https:\/\/jaxtoday.org\/2024\/07\/22\/sports-5-biggest-questions-for-the-jaguars-first-week-of-training-camp\/\">Source link <\/a><\/p>","protected":false},"excerpt":{"rendered":"<p>Os Jaguars abrem o campo de treinamento na quarta-feira, dando in\u00edcio \u00e0 miss\u00e3o de retornar \u00e0 p\u00f3s-temporada. Aqui est\u00e3o cinco perguntas importantes a serem respondidas na primeira semana do terceiro&hellip;<\/p>","protected":false},"author":1,"featured_media":6823,"comment_status":"closed","ping_status":"open","sticky":false,"template":"","format":"standard","meta":{"content-type":"","footnotes":""},"categories":[1],"tags":[1678],"class_list":["post-9333","post","type-post","status-publish","format-standard","has-post-thumbnail","hentry","category-uncategorized","tag-jaguares-de-jacksonville"],"_links":{"self":[{"href":"https:\/\/tvbrazilusa.com\/pt\/wp-json\/wp\/v2\/posts\/9333","targetHints":{"allow":["GET"]}}],"collection":[{"href":"https:\/\/tvbrazilusa.com\/pt\/wp-json\/wp\/v2\/posts"}],"about":[{"href":"https:\/\/tvbrazilusa.com\/pt\/wp-json\/wp\/v2\/types\/post"}],"author":[{"embeddable":true,"href":"https:\/\/tvbrazilusa.com\/pt\/wp-json\/wp\/v2\/users\/1"}],"replies":[{"embeddable":true,"href":"https:\/\/tvbrazilusa.com\/pt\/wp-json\/wp\/v2\/comments?post=9333"}],"version-history":[{"count":1,"href":"https:\/\/tvbrazilusa.com\/pt\/wp-json\/wp\/v2\/posts\/9333\/revisions"}],"predecessor-version":[{"id":9334,"href":"https:\/\/tvbrazilusa.com\/pt\/wp-json\/wp\/v2\/posts\/9333\/revisions\/9334"}],"wp:featuredmedia":[{"embeddable":true,"href":"https:\/\/tvbrazilusa.com\/pt\/wp-json\/wp\/v2\/media\/6823"}],"wp:attachment":[{"href":"https:\/\/tvbrazilusa.com\/pt\/wp-json\/wp\/v2\/media?parent=9333"}],"wp:term":[{"taxonomy":"category","embeddable":true,"href":"https:\/\/tvbrazilusa.com\/pt\/wp-json\/wp\/v2\/categories?post=9333"},{"taxonomy":"post_tag","embeddable":true,"href":"https:\/\/tvbrazilusa.com\/pt\/wp-json\/wp\/v2\/tags?post=9333"}],"curies":[{"name":"wp","href":"https:\/\/api.w.org\/{rel}","templated":true}]}}