{"id":93350,"date":"2025-01-19T00:45:31","date_gmt":"2025-01-19T00:45:31","guid":{"rendered":"https:\/\/tvbrazilusa.com\/2025\/01\/19\/urgente-trump-acaba-de-embarcar-no-aviao-presidencial-americano-rumo-a-washington-veja-video\/"},"modified":"2025-01-19T00:45:33","modified_gmt":"2025-01-19T00:45:33","slug":"urgente-trump-acaba-de-embarcar-no-aviao-presidencial-americano-rumo-a-washington-veja-video","status":"publish","type":"post","link":"https:\/\/tvbrazilusa.com\/pt\/2025\/01\/19\/urgente-trump-acaba-de-embarcar-no-aviao-presidencial-americano-rumo-a-washington-veja-video\/","title":{"rendered":"Urgente: Trump acaba de embarcar no avi\u00e3o presidencial americano rumo a Washington, VEJA V\u00cdDEO"},"content":{"rendered":"<p> <script async src=\"https:\/\/pagead2.googlesyndication.com\/pagead\/js\/adsbygoogle.js?client=ca-pub-8864793242727901\"\r\n     crossorigin=\"anonymous\"><\/script><br \/>\n<\/p>\n<div>\n<p>O ex-presidente Donald Trump e sua esposa, Melania Trump, embarcaram em um voo oficial do governo dos Estados Unidos rumo a Washington, DC, nesta manh\u00e3. O avi\u00e3o, que faz parte da frota oficial do governo, decolou de um aeroporto em Nova Jersey, onde Trump tem estado em seus compromissos privados.<\/p>\n<p>De acordo com fontes pr\u00f3ximas, o destino de Washington DC est\u00e1 relacionado a uma s\u00e9rie de encontros e reuni\u00f5es pol\u00edticas importantes que ocorrer\u00e3o nas pr\u00f3ximas semanas. No entanto, detalhes sobre os motivos exatos da viagem n\u00e3o foram revelados.\n<\/p>\n<p>Este movimento ocorre enquanto Trump continua sua presen\u00e7a ativa na cena pol\u00edtica dos Estados Unidos, especialmente com sua candidatura em 2024. Al\u00e9m disso, ele segue sendo uma figura central no Partido Republicano, com muitos observadores aguardando seus pr\u00f3ximos passos e declara\u00e7\u00f5es sobre o futuro pol\u00edtico do pa\u00eds.\n<\/p>\n<p>Melania Trump, que manteve um perfil mais discreto desde o fim da presid\u00eancia, tamb\u00e9m foi vista ao lado de seu marido, embora n\u00e3o tenha feito declara\u00e7\u00f5es p\u00fablicas sobre o motivo de sua presen\u00e7a no voo. A primeira-dama tamb\u00e9m tem sido alvo de especula\u00e7\u00f5es sobre seu retorno \u00e0 vida p\u00fablica em eventos e campanhas.\n<\/p>\n<p>A viagem marca mais um momento significativo na rotina de Trump ap\u00f3s sua sa\u00edda da Casa Branca, mantendo-o sob os holofotes da m\u00eddia e do p\u00fablico.\n<\/p>\n<p>Mais informa\u00e7\u00f5es sobre a agenda do ex-presidente e de Melania Trump dever\u00e3o ser divulgadas \u00e0 medida que sua visita a Washington DC avance.\n<\/p>\n<\/div>\n<p><br \/>\n<br \/><a href=\"https:\/\/diariodobrasilnoticias.com.br\/noticia\/urgente-trump-acaba-de-embarcar-no-aviao-presidencial-americano-rumo-a-washington-veja-video-678c34fc52ef5\">Source link <\/a><\/p>","protected":false},"excerpt":{"rendered":"<p>O ex-presidente Donald Trump e sua esposa, Melania Trump, embarcaram em um voo oficial do governo dos Estados Unidos rumo a Washington, DC, nesta manh\u00e3. O avi\u00e3o, que faz parte&hellip;<\/p>","protected":false},"author":1,"featured_media":93351,"comment_status":"closed","ping_status":"open","sticky":false,"template":"","format":"standard","meta":{"content-type":"","footnotes":""},"categories":[16],"tags":[123,2448,5313,1267],"class_list":["post-93350","post","type-post","status-publish","format-standard","has-post-thumbnail","hentry","category-noticias","tag-brasil","tag-diario","tag-noticia","tag-noticias"],"_links":{"self":[{"href":"https:\/\/tvbrazilusa.com\/pt\/wp-json\/wp\/v2\/posts\/93350","targetHints":{"allow":["GET"]}}],"collection":[{"href":"https:\/\/tvbrazilusa.com\/pt\/wp-json\/wp\/v2\/posts"}],"about":[{"href":"https:\/\/tvbrazilusa.com\/pt\/wp-json\/wp\/v2\/types\/post"}],"author":[{"embeddable":true,"href":"https:\/\/tvbrazilusa.com\/pt\/wp-json\/wp\/v2\/users\/1"}],"replies":[{"embeddable":true,"href":"https:\/\/tvbrazilusa.com\/pt\/wp-json\/wp\/v2\/comments?post=93350"}],"version-history":[{"count":1,"href":"https:\/\/tvbrazilusa.com\/pt\/wp-json\/wp\/v2\/posts\/93350\/revisions"}],"predecessor-version":[{"id":93352,"href":"https:\/\/tvbrazilusa.com\/pt\/wp-json\/wp\/v2\/posts\/93350\/revisions\/93352"}],"wp:featuredmedia":[{"embeddable":true,"href":"https:\/\/tvbrazilusa.com\/pt\/wp-json\/wp\/v2\/media\/93351"}],"wp:attachment":[{"href":"https:\/\/tvbrazilusa.com\/pt\/wp-json\/wp\/v2\/media?parent=93350"}],"wp:term":[{"taxonomy":"category","embeddable":true,"href":"https:\/\/tvbrazilusa.com\/pt\/wp-json\/wp\/v2\/categories?post=93350"},{"taxonomy":"post_tag","embeddable":true,"href":"https:\/\/tvbrazilusa.com\/pt\/wp-json\/wp\/v2\/tags?post=93350"}],"curies":[{"name":"wp","href":"https:\/\/api.w.org\/{rel}","templated":true}]}}