{"id":93353,"date":"2025-01-19T00:58:00","date_gmt":"2025-01-19T00:58:00","guid":{"rendered":"https:\/\/tvbrazilusa.com\/2025\/01\/19\/joe-biden-se-despede-da-casa-branca-enquanto-donald-trump-se-prepara-para-assumir-a-presidencia-dos-eua\/"},"modified":"2025-01-19T00:58:02","modified_gmt":"2025-01-19T00:58:02","slug":"joe-biden-se-despede-da-casa-branca-enquanto-donald-trump-se-prepara-para-assumir-a-presidencia-dos-eua","status":"publish","type":"post","link":"https:\/\/tvbrazilusa.com\/pt\/2025\/01\/19\/joe-biden-se-despede-da-casa-branca-enquanto-donald-trump-se-prepara-para-assumir-a-presidencia-dos-eua\/","title":{"rendered":"Joe Biden Se Despede da Casa Branca Enquanto Donald Trump se Prepara para Assumir a Presid\u00eancia dos EUA"},"content":{"rendered":"<p> <script async src=\"https:\/\/pagead2.googlesyndication.com\/pagead\/js\/adsbygoogle.js?client=ca-pub-8864793242727901\"\r\n     crossorigin=\"anonymous\"><\/script><br \/>\n<\/p>\n<div id=\"taboola-read-more\" style=\"display:block; width:100%\">\n<p>Em uma virada surpreendente da pol\u00edtica norte-americana, o presidente Joe Biden se despediu oficialmente da Casa Branca hoje, dando lugar \u00e0 iminente volta de Donald Trump \u00e0 presid\u00eancia. Ap\u00f3s um per\u00edodo turbulento e uma s\u00e9rie de reviravoltas pol\u00edticas, Trump est\u00e1 se preparando para assumir o cargo novamente, menos de quatro anos ap\u00f3s deixar a presid\u00eancia em 2021.\n<\/p>\n<p>A despedida de Biden da Casa Branca foi marcada por um discurso breve, onde o presidente agradeceu ao povo americano por sua confian\u00e7a e apoio ao longo de seu mandato. Biden, que enfrentou desafios significativos, incluindo a pandemia de COVID-19, crises econ\u00f4micas e o conturbado processo de transi\u00e7\u00e3o de poder ap\u00f3s as elei\u00e7\u00f5es de 2020, deixou claro que o pa\u00eds estava em um ponto crucial de sua hist\u00f3ria. &#8220;O trabalho nunca foi f\u00e1cil, mas acredito que demos passos importantes para o futuro dos Estados Unidos&#8221;, declarou Biden, visivelmente tocado pela experi\u00eancia.<\/p>\n<p>Enquanto isso, Donald Trump, que se manteve uma figura central na pol\u00edtica dos EUA desde sua sa\u00edda da Casa Branca, j\u00e1 est\u00e1 se preparando para sua reentrada no cargo. Fontes dentro de sua equipe indicam que o ex-presidente est\u00e1 organizando sua transi\u00e7\u00e3o de maneira r\u00e1pida e decisiva, com planos de restabelecer sua agenda de pol\u00edticas conservadoras, como a reforma tribut\u00e1ria, pol\u00edticas de imigra\u00e7\u00e3o mais r\u00edgidas e o fortalecimento da postura externa dos Estados Unidos.\n<\/p>\n<p>A transi\u00e7\u00e3o, que tem sido observada com grande aten\u00e7\u00e3o tanto nacional quanto internacionalmente, ocorre em um contexto de polariza\u00e7\u00e3o pol\u00edtica e crescente desconfian\u00e7a nas institui\u00e7\u00f5es p\u00fablicas. A vit\u00f3ria de Trump, se confirmada, traria consigo uma s\u00e9rie de desafios, incluindo sua rela\u00e7\u00e3o com a Corte Suprema, o Congresso e as tens\u00f5es internas com movimentos sociais que t\u00eam se oposto ao seu governo.\n<\/p>\n<p>Embora Biden tenha expressado sua gratid\u00e3o pelo tempo que passou \u00e0 frente da Casa Branca, o clima de despedida foi tenso, com muitas quest\u00f5es ainda sem resposta, especialmente em rela\u00e7\u00e3o ao legado deixado por sua administra\u00e7\u00e3o. J\u00e1 Trump, por sua vez, aproveita a oportunidade para refor\u00e7ar sua imagem como l\u00edder da oposi\u00e7\u00e3o, prometendo restabelecer a &#8220;grandeza da Am\u00e9rica&#8221; com um novo governo que, segundo seus aliados, ser\u00e1 um &#8220;renascimento&#8221; para o pa\u00eds.\n<\/p>\n<p>Essa transi\u00e7\u00e3o de poder marca um novo cap\u00edtulo na pol\u00edtica dos Estados Unidos, com a expectativa de que a volta de Trump traga consigo profundas mudan\u00e7as nas pol\u00edticas internas e externas do pa\u00eds. A comunidade internacional observa com grande aten\u00e7\u00e3o, j\u00e1 que o impacto de um governo Trump pode ter repercuss\u00f5es significativas no cen\u00e1rio global, principalmente em rela\u00e7\u00e3o a temas como seguran\u00e7a, com\u00e9rcio e mudan\u00e7as clim\u00e1ticas.\n<\/p>\n<p>Com menos de 48 horas at\u00e9 a cerim\u00f4nia de posse, Washington se prepara para o que promete ser um dos momentos mais intensos da hist\u00f3ria recente dos Estados Unidos, enquanto o futuro pol\u00edtico do pa\u00eds se desenha em um horizonte incerto e polarizado.\n<\/p>\n<p><a href=\"https:\/\/www.instagram.com\/reel\/DE-sG1CK4pa\/?utm_source=ig_web_copy_link\">https:\/\/www.instagram.com\/reel\/DE-sG1CK4pa\/?utm_source=ig_web_copy_link<\/a>\n              <\/p>\n<\/div>\n<p><script async src=\"\/\/www.instagram.com\/embed.js\"><\/script><br \/>\n<br \/><br \/>\n<br \/><a href=\"https:\/\/diariodobrasilnoticias.com.br\/noticia\/joe-biden-se-despede-da-casa-branca-enquanto-donald-trump-se-prepara-para-assumir-a-presidencia-dos-eua-678c238a3ef56\">Source link <\/a><\/p>","protected":false},"excerpt":{"rendered":"<p>Em uma virada surpreendente da pol\u00edtica norte-americana, o presidente Joe Biden se despediu oficialmente da Casa Branca hoje, dando lugar \u00e0 iminente volta de Donald Trump \u00e0 presid\u00eancia. Ap\u00f3s um&hellip;<\/p>","protected":false},"author":1,"featured_media":93354,"comment_status":"closed","ping_status":"open","sticky":false,"template":"","format":"standard","meta":{"content-type":"","footnotes":""},"categories":[16],"tags":[123,2448,5313,1267],"class_list":["post-93353","post","type-post","status-publish","format-standard","has-post-thumbnail","hentry","category-noticias","tag-brasil","tag-diario","tag-noticia","tag-noticias"],"_links":{"self":[{"href":"https:\/\/tvbrazilusa.com\/pt\/wp-json\/wp\/v2\/posts\/93353","targetHints":{"allow":["GET"]}}],"collection":[{"href":"https:\/\/tvbrazilusa.com\/pt\/wp-json\/wp\/v2\/posts"}],"about":[{"href":"https:\/\/tvbrazilusa.com\/pt\/wp-json\/wp\/v2\/types\/post"}],"author":[{"embeddable":true,"href":"https:\/\/tvbrazilusa.com\/pt\/wp-json\/wp\/v2\/users\/1"}],"replies":[{"embeddable":true,"href":"https:\/\/tvbrazilusa.com\/pt\/wp-json\/wp\/v2\/comments?post=93353"}],"version-history":[{"count":1,"href":"https:\/\/tvbrazilusa.com\/pt\/wp-json\/wp\/v2\/posts\/93353\/revisions"}],"predecessor-version":[{"id":93355,"href":"https:\/\/tvbrazilusa.com\/pt\/wp-json\/wp\/v2\/posts\/93353\/revisions\/93355"}],"wp:featuredmedia":[{"embeddable":true,"href":"https:\/\/tvbrazilusa.com\/pt\/wp-json\/wp\/v2\/media\/93354"}],"wp:attachment":[{"href":"https:\/\/tvbrazilusa.com\/pt\/wp-json\/wp\/v2\/media?parent=93353"}],"wp:term":[{"taxonomy":"category","embeddable":true,"href":"https:\/\/tvbrazilusa.com\/pt\/wp-json\/wp\/v2\/categories?post=93353"},{"taxonomy":"post_tag","embeddable":true,"href":"https:\/\/tvbrazilusa.com\/pt\/wp-json\/wp\/v2\/tags?post=93353"}],"curies":[{"name":"wp","href":"https:\/\/api.w.org\/{rel}","templated":true}]}}