{"id":93379,"date":"2025-01-19T06:36:46","date_gmt":"2025-01-19T06:36:46","guid":{"rendered":"https:\/\/tvbrazilusa.com\/2025\/01\/19\/%f0%9f%8c%b1-nova-calcada-aumenta-a-seguranca-de-fort-myers\/"},"modified":"2025-01-19T06:42:38","modified_gmt":"2025-01-19T06:42:38","slug":"%f0%9f%8c%b1-nova-calcada-aumenta-a-seguranca-de-fort-myers","status":"publish","type":"post","link":"https:\/\/tvbrazilusa.com\/pt\/2025\/01\/19\/%f0%9f%8c%b1-nova-calcada-aumenta-a-seguranca-de-fort-myers\/","title":{"rendered":"\ud83c\udf31 Nova cal\u00e7ada aumenta a seguran\u00e7a de Fort Myers"},"content":{"rendered":"<p> <script async src=\"https:\/\/pagead2.googlesyndication.com\/pagead\/js\/adsbygoogle.js?client=ca-pub-8864793242727901\"\r\n     crossorigin=\"anonymous\"><\/script><br \/>\n<\/p>\n<div>\n<p>Bom dia, Fort Myers! Temos informa\u00e7\u00f5es sobre os \u00faltimos acontecimentos na cidade. Continue lendo para ficar por dentro. \u2615\ufe0f\ufe0f <strong>No boletim informativo de hoje:<\/strong><\/p>\n<\/div>\n<div>\n<ul>\n<li>Nova cal\u00e7ada aumenta a seguran\u00e7a de Fort Myers<\/li>\n<li>Evento de golfe apoia o meio ambiente de Lee County<\/li>\n<li>A jornada de recupera\u00e7\u00e3o do adolescente de Fort Myers<\/li>\n<\/ul>\n<p>Tamb\u00e9m no calend\u00e1rio de hoje: <strong>Patas e P\u00e9talas: Oficina de Arranjos Florais para Cachorrinhos <\/strong> e 9 outros eventos.<\/p>\n<p><em>Enigma de hoje:<\/em> O que o castor disse para a \u00e1rvore? \ud83e\udd14 Continue lendo para descobrir.<\/p>\n<\/div>\n<div>\n<hr\/>\n<p> <a href=\"https:\/\/patch.com\/florida\/fort-myers\/weather\"><strong>Previs\u00e3o do tempo:<\/strong><\/a> <\/p>\n<ul>\n<li class=\"sans\"><strong>Domingo:<\/strong> Ventoso; uma tempestade perdida \u00e0 tarde, com m\u00e1xima de 80 e m\u00ednima de 53 graus. <\/li>\n<li class=\"sans\"><strong>Segunda-feira:<\/strong> Principalmente nublado e frio, temperatura: alta: 63, baixa: 50. <\/li>\n<li class=\"sans\"><strong>Ter\u00e7a-feira:<\/strong> Fresco com chuva e tempestade, com m\u00e1xima de 65 e m\u00ednima de 47 graus. <\/li>\n<\/ul>\n<hr\/>\n<h4>\ud83d\udcf0 <strong>Not\u00edcias que estamos lendo<\/strong><\/h4>\n<p><b>1. FDOT organiza cerim\u00f4nia de inaugura\u00e7\u00e3o do projeto de cal\u00e7ada da Ponte do Rio Caloosahatchee<\/b> (<a href=\"https:\/\/winknews.com\/2025\/01\/17\/fdot-hosts-ribbon-cutting-for-caloosahatchee-bridge-new-sidewalk-project\" target=\"_blank\" rel=\"nofollow\">winknews. com<\/a>) \u2013 O Departamento de Transportes da Fl\u00f3rida est\u00e1 comemorando a conclus\u00e3o do projeto da cal\u00e7ada da Ponte do Rio Caloosahatchee com uma cerim\u00f4nia de inaugura\u00e7\u00e3o. Este projeto aumenta a seguran\u00e7a dos pedestres entre o Norte <b>Fort Myers<\/b> e centro de Fort Myers. <br \/><a href=\"https:\/\/fort-myers-fl.patch.am\/rate-item?d=u&#038;h=eyJsb2MiOiI3NjkyIiwic291cmNlIjoid2lua25ld3MuY29tIiwidGl0bGUiOiJGRE9UIGhvc3RzIHJpYmJvbi1jdXR0aW5nIGNlcmVtb255IGZvciBDYWxvb3NhaGF0Y2hlZSBSaXZlciBCcmlkZ2Ugc2lkZXdhbGsgcHJvamVjdCIsInVybCI6Imh0dHBzOlwvXC93aW5rbmV3cy5jb21cLzIwMjVcLzAxXC8xN1wvZmRvdC1ob3N0cy1yaWJib24tY3V0dGluZy1mb3ItY2Fsb29zYWhhdGNoZWUtYnJpZGdlLW5ldy1zaWRld2Fsay1wcm9qZWN0IiwiYXJ0aWQiOiJlOGI4MWU0MjdjZDNhZDY2YjQyMjJhOGQ4MDA5ZmNmOSJ9\" target=\"_blank\" rel=\"nofollow\"><\/a>   <a href=\"https:\/\/fort-myers-fl.patch.am\/rate-item?d=d&#038;h=eyJsb2MiOiI3NjkyIiwic291cmNlIjoid2lua25ld3MuY29tIiwidGl0bGUiOiJGRE9UIGhvc3RzIHJpYmJvbi1jdXR0aW5nIGNlcmVtb255IGZvciBDYWxvb3NhaGF0Y2hlZSBSaXZlciBCcmlkZ2Ugc2lkZXdhbGsgcHJvamVjdCIsInVybCI6Imh0dHBzOlwvXC93aW5rbmV3cy5jb21cLzIwMjVcLzAxXC8xN1wvZmRvdC1ob3N0cy1yaWJib24tY3V0dGluZy1mb3ItY2Fsb29zYWhhdGNoZWUtYnJpZGdlLW5ldy1zaWRld2Fsay1wcm9qZWN0IiwiYXJ0aWQiOiJlOGI4MWU0MjdjZDNhZDY2YjQyMjJhOGQ4MDA5ZmNmOSJ9\" target=\"_blank\" rel=\"nofollow\"><img decoding=\"async\" class=\"thumbs\" width=\"16\" height=\"16\" src=\"https:\/\/patch.com\/img\/cdn\/assets\/layout\/thumb_down_16x16.png\" data-sizes=\"(min-width: 780px) 726px, 100vw\" srcset=\"https:\/\/patch.com\/img\/cdn\/assets\/layout\/thumb_down_16x16.png?width=640 640w, https:\/\/patch.com\/img\/cdn\/assets\/layout\/thumb_down_16x16.png?width=726 726w\"\/><\/a><\/p>\n<\/div>\n<div>\n<p><b>2. Golfe &#8216;FORE&#8217;, uma causa para proteger os cursos de \u00e1gua e os espa\u00e7os naturais do condado de Lee<\/b> (<a href=\"https:\/\/fortmyers.floridaweekly.com\/events\/fw-events\/golfing-fore-a-cause-to-protect-lee-countys-waterways-and-natural-spaces\" target=\"_blank\" rel=\"nofollow\">floridaweekly. com<\/a>) \u2014 Junte-se ao Keep Lee County Beautiful para seu segundo Top Golf Challenge anual no Top Golf Fort Myers em 20 de fevereiro de 2025. Este evento apoia esfor\u00e7os de preserva\u00e7\u00e3o ambiental no Condado de Lee, oferecendo divers\u00e3o, pr\u00eamios e oportunidades de patroc\u00ednio. <br \/><a href=\"https:\/\/fort-myers-fl.patch.am\/rate-item?d=u&#038;h=eyJsb2MiOiI3NjkyIiwic291cmNlIjoiZmxvcmlkYXdlZWtseS5jb20iLCJ0aXRsZSI6IkdvbGZpbmcgJ0ZPUkUnIGEgQ2F1c2UgdG8gUHJvdGVjdCBMZWUgQ291bnR5J3MgV2F0ZXJ3YXlzIGFuZCBOYXR1cmFsIFNwYWNlcyIsInVybCI6Imh0dHBzOlwvXC9mb3J0bXllcnMuZmxvcmlkYXdlZWtseS5jb21cL2V2ZW50c1wvZnctZXZlbnRzXC9nb2xmaW5nLWZvcmUtYS1jYXVzZS10by1wcm90ZWN0LWxlZS1jb3VudHlzLXdhdGVyd2F5cy1hbmQtbmF0dXJhbC1zcGFjZXMiLCJhcnRpZCI6IjZlY2ZiZTU5ZThiZjVlOWJlZDA2YTkwYzQ5NTk2Y2I5In0=\" target=\"_blank\" rel=\"nofollow\"><img decoding=\"async\" class=\"thumbs\" width=\"16\" height=\"16\" src=\"https:\/\/patch.com\/img\/cdn\/assets\/layout\/thumb_up_16x16.png\" data-rel=\"penci-gallery-image-content\"  data-sizes=\"(min-width: 780px) 726px, 100vw\" srcset=\"https:\/\/patch.com\/img\/cdn\/assets\/layout\/thumb_up_16x16.png?width=640 640w, https:\/\/patch.com\/img\/cdn\/assets\/layout\/thumb_up_16x16.png?width=726 726w\"\/><\/a>   <a href=\"https:\/\/fort-myers-fl.patch.am\/rate-item?d=d&#038;h=eyJsb2MiOiI3NjkyIiwic291cmNlIjoiZmxvcmlkYXdlZWtseS5jb20iLCJ0aXRsZSI6IkdvbGZpbmcgJ0ZPUkUnIGEgQ2F1c2UgdG8gUHJvdGVjdCBMZWUgQ291bnR5J3MgV2F0ZXJ3YXlzIGFuZCBOYXR1cmFsIFNwYWNlcyIsInVybCI6Imh0dHBzOlwvXC9mb3J0bXllcnMuZmxvcmlkYXdlZWtseS5jb21cL2V2ZW50c1wvZnctZXZlbnRzXC9nb2xmaW5nLWZvcmUtYS1jYXVzZS10by1wcm90ZWN0LWxlZS1jb3VudHlzLXdhdGVyd2F5cy1hbmQtbmF0dXJhbC1zcGFjZXMiLCJhcnRpZCI6IjZlY2ZiZTU5ZThiZjVlOWJlZDA2YTkwYzQ5NTk2Y2I5In0=\" target=\"_blank\" rel=\"nofollow\"><img decoding=\"async\" class=\"thumbs\" width=\"16\" height=\"16\" src=\"https:\/\/patch.com\/img\/cdn\/assets\/layout\/thumb_down_16x16.png\" data-sizes=\"(min-width: 780px) 726px, 100vw\" srcset=\"https:\/\/patch.com\/img\/cdn\/assets\/layout\/thumb_down_16x16.png?width=640 640w, https:\/\/patch.com\/img\/cdn\/assets\/layout\/thumb_down_16x16.png?width=726 726w\"\/><\/a><\/p>\n<p><b>3. Adolescente de Fort Myers ferido no ataque de Ano Novo em Nova Orleans para continuar a recupera\u00e7\u00e3o na Fl\u00f3rida<\/b> (<a href=\"https:\/\/www.nbc-2.com\/article\/new-orleans-new-years-attack-fort-myers-florida-teen-recovery\/63460487\" target=\"_blank\" rel=\"nofollow\">nbc-2.com<\/a>) \u2013 Um adolescente de Fort Myers ferido em um ataque de Ano Novo em Nova Orleans est\u00e1 retornando \u00e0 Fl\u00f3rida para se recuperar. Sua fam\u00edlia expressa gratid\u00e3o \u00e0 comunidade e \u00e0 equipe m\u00e9dica por seu apoio durante este momento dif\u00edcil. <br \/><a href=\"https:\/\/fort-myers-fl.patch.am\/rate-item?d=u&#038;h=eyJsb2MiOiI3NjkyIiwic291cmNlIjoibmJjLTIuY29tIiwidGl0bGUiOiJGb3J0IE15ZXJzIHRlZW4gaW5qdXJlZCBpbiBOZXcgWWVhcidzIGF0dGFjayBpbiBOZXcgT3JsZWFucyB0byBjb250aW51ZSByZWNvdmVyeSBpbiBGbG9yaWRhIiwidXJsIjoiaHR0cHM6XC9cL3d3dy5uYmMtMi5jb21cL2FydGljbGVcL25ldy1vcmxlYW5zLW5ldy15ZWFycy1hdHRhY2stZm9ydC1teWVycy1mbG9yaWRhLXRlZW4tcmVjb3ZlcnlcLzYzNDYwNDg3IiwiYXJ0aWQiOiI3N2IwMzM4OGEwMGUyODZhYjVlZjg2NDdjZTI3NTNkZiJ9\" target=\"_blank\" rel=\"nofollow\"><img decoding=\"async\" class=\"thumbs\" width=\"16\" height=\"16\" src=\"https:\/\/patch.com\/img\/cdn\/assets\/layout\/thumb_up_16x16.png\" data-rel=\"penci-gallery-image-content\"  data-sizes=\"(min-width: 780px) 726px, 100vw\" srcset=\"https:\/\/patch.com\/img\/cdn\/assets\/layout\/thumb_up_16x16.png?width=640 640w, https:\/\/patch.com\/img\/cdn\/assets\/layout\/thumb_up_16x16.png?width=726 726w\"\/><\/a>   <a href=\"https:\/\/fort-myers-fl.patch.am\/rate-item?d=d&#038;h=eyJsb2MiOiI3NjkyIiwic291cmNlIjoibmJjLTIuY29tIiwidGl0bGUiOiJGb3J0IE15ZXJzIHRlZW4gaW5qdXJlZCBpbiBOZXcgWWVhcidzIGF0dGFjayBpbiBOZXcgT3JsZWFucyB0byBjb250aW51ZSByZWNvdmVyeSBpbiBGbG9yaWRhIiwidXJsIjoiaHR0cHM6XC9cL3d3dy5uYmMtMi5jb21cL2FydGljbGVcL25ldy1vcmxlYW5zLW5ldy15ZWFycy1hdHRhY2stZm9ydC1teWVycy1mbG9yaWRhLXRlZW4tcmVjb3ZlcnlcLzYzNDYwNDg3IiwiYXJ0aWQiOiI3N2IwMzM4OGEwMGUyODZhYjVlZjg2NDdjZTI3NTNkZiJ9\" target=\"_blank\" rel=\"nofollow\"><img decoding=\"async\" class=\"thumbs\" width=\"16\" height=\"16\" src=\"https:\/\/patch.com\/img\/cdn\/assets\/layout\/thumb_down_16x16.png\" data-sizes=\"(min-width: 780px) 726px, 100vw\" srcset=\"https:\/\/patch.com\/img\/cdn\/assets\/layout\/thumb_down_16x16.png?width=640 640w, https:\/\/patch.com\/img\/cdn\/assets\/layout\/thumb_down_16x16.png?width=726 726w\"\/><\/a><\/p>\n<\/div>\n<div>\n<p><b>4. &#8216;N\u00e3o podemos sair dessa&#8217;: chefe de Fort Myers equilibra ordenan\u00e7as e sem-teto<\/b> (<a href=\"https:\/\/www.fox4now.com\/downtown-fort-myers\/cant-arrest-our-way-out-of-it-ft-myers-chief-balances-ordinances-homeless\" target=\"_blank\" rel=\"nofollow\">fox4now. com<\/a>) &#8211; O chefe de pol\u00edcia de Fort Myers, Jason Fields, discute a abordagem da cidade em rela\u00e7\u00e3o aos sem-teto, enfatizando a conex\u00e3o de indiv\u00edduos a recursos em vez de pris\u00f5es. A equipe HOT colabora com ag\u00eancias locais para fornecer apoio e abrigo aos necessitados. <br \/><a href=\"https:\/\/fort-myers-fl.patch.am\/rate-item?d=u&#038;h=eyJsb2MiOiI3NjkyIiwic291cmNlIjoiZm94NG5vdy5jb20iLCJ0aXRsZSI6IidDYW4ndCBhcnJlc3Qgb3VyIHdheSBvdXQgb2YgaXQnOiBGdCBNeWVycyBjaGllZiBiYWxhbmNlcyBvcmRpbmFuY2VzICYgaG9tZWxlc3MiLCJ1cmwiOiJodHRwczpcL1wvd3d3LmZveDRub3cuY29tXC9kb3dudG93bi1mb3J0LW15ZXJzXC9jYW50LWFycmVzdC1vdXItd2F5LW91dC1vZi1pdC1mdC1teWVycy1jaGllZi1iYWxhbmNlcy1vcmRpbmFuY2VzLWhvbWVsZXNzIiwiYXJ0aWQiOiI2M2VjZTlhYWQyMDVjY2NjMzM5MjExN2ViMWVkYjQ0MyJ9\" target=\"_blank\" rel=\"nofollow\"><img decoding=\"async\" class=\"thumbs\" width=\"16\" height=\"16\" src=\"https:\/\/patch.com\/img\/cdn\/assets\/layout\/thumb_up_16x16.png\" data-rel=\"penci-gallery-image-content\"  data-sizes=\"(min-width: 780px) 726px, 100vw\" srcset=\"https:\/\/patch.com\/img\/cdn\/assets\/layout\/thumb_up_16x16.png?width=640 640w, https:\/\/patch.com\/img\/cdn\/assets\/layout\/thumb_up_16x16.png?width=726 726w\"\/><\/a>   <a href=\"https:\/\/fort-myers-fl.patch.am\/rate-item?d=d&#038;h=eyJsb2MiOiI3NjkyIiwic291cmNlIjoiZm94NG5vdy5jb20iLCJ0aXRsZSI6IidDYW4ndCBhcnJlc3Qgb3VyIHdheSBvdXQgb2YgaXQnOiBGdCBNeWVycyBjaGllZiBiYWxhbmNlcyBvcmRpbmFuY2VzICYgaG9tZWxlc3MiLCJ1cmwiOiJodHRwczpcL1wvd3d3LmZveDRub3cuY29tXC9kb3dudG93bi1mb3J0LW15ZXJzXC9jYW50LWFycmVzdC1vdXItd2F5LW91dC1vZi1pdC1mdC1teWVycy1jaGllZi1iYWxhbmNlcy1vcmRpbmFuY2VzLWhvbWVsZXNzIiwiYXJ0aWQiOiI2M2VjZTlhYWQyMDVjY2NjMzM5MjExN2ViMWVkYjQ0MyJ9\" target=\"_blank\" rel=\"nofollow\"><img decoding=\"async\" class=\"thumbs\" width=\"16\" height=\"16\" src=\"https:\/\/patch.com\/img\/cdn\/assets\/layout\/thumb_down_16x16.png\" data-sizes=\"(min-width: 780px) 726px, 100vw\" srcset=\"https:\/\/patch.com\/img\/cdn\/assets\/layout\/thumb_down_16x16.png?width=640 640w, https:\/\/patch.com\/img\/cdn\/assets\/layout\/thumb_down_16x16.png?width=726 726w\"\/><\/a><\/p>\n<hr\/>\n<figure class=\"pixel-wrapper\"> <img decoding=\"async\" width=\"1\" height=\"1\" border=\"0\" class=\"t-pixel\" src=\"https:\/\/pixel.patch.com\/blank.gif?json=eJwljNsKgzAQRH9F9tmAqRqjv1KKbJJtG8hFYqRI6b83ad%2BGMzPn%2Bgabya%2F53AgW0OgoGExrhdDCHo%2Bka0EerSvARY3ZxlDQbv3mqDGlOJtAr91RzpTKaMOsn6s1sHDOL2MLiR7l8yOXqZtbCDWCmfsepZKMjxOyYVaKqV4iE3LQpMUdSYiiO3ZK%2F%2B%2FYCd7JItxS9DFTlXD43L6R1T5T\" data-sizes=\"\" srcset=\"\"\/> <\/figure>\n<h4>\ud83d\uddd3 <strong>Pr\u00f3ximos eventos em Fort Myers<\/strong><br \/><\/h4>\n<p><a href=\"https:\/\/patch.com\/florida\/fort-myers\/compose\/event\">  Adicione seu evento ao nosso calend\u00e1rio e newsletter! <\/a><\/p>\n<\/div>\n<div>\n<h4><span><span>\u2605<\/span> Eventos em destaque <span><span>\u2605<\/span><\/span><\/span><\/h4>\n<hr\/>\n<h5>Outros eventos locais<\/h5>\n<ul>\n<h5><span class=\"text-green-8\"><b>Domingo, 19 de janeiro<\/b><\/span><\/h5>\n<li> <span> <a href=\"https:\/\/patch.com\/florida\/fort-myers\/calendar\/event\/20250119\/b8714373-c659-400e-af4a-2c0cc05d3289\/paws-and-petals-puppy-floral-arrangement-workshop\" rel=\"ugc\"><b>Patas e P\u00e9talas: Oficina de Arranjos Florais para Cachorrinhos <\/b><\/a> <\/span> <br \/>Edison &#038; Ford Winter Estates, 2350 McGregor Blvd, Fort Myers <br \/>10h00 <\/li>\n<li> <span> <a href=\"https:\/\/patch.com\/florida\/fort-myers\/calendar\/event\/20250119\/c10a227c-4865-412c-b248-e47337519523\/port-charlotte-hooters-to-hold-friendraiser-for-family-of-sergeant-elio-diaz\" rel=\"ugc\"><b>Port Charlotte Hooters realizar\u00e1 Friendraiser para a fam\u00edlia do sargento Elio Diaz <\/b><\/a> <\/span> <br \/>Hooters, 1360 Tamiami Trl, Port Charlotte <br \/>11h00 <\/li>\n<h5><span class=\"text-green-8\"><b>Segunda-feira, 20 de janeiro<\/b><\/span><\/h5>\n<li> <span> <a href=\"https:\/\/patch.com\/florida\/fort-myers\/calendar\/event\/20250120\/386fcb20-edfc-493f-b29b-4192079e007f\/goodwill-mlk-jr-day-sale\" rel=\"ugc\"><b>Promo\u00e7\u00e3o do dia Goodwill MLK Jr.<\/b><\/a> <\/span> <br \/>Fort Myers <br \/>9h00 <\/li>\n<h5><span class=\"text-green-8\"><b>Ter\u00e7a-feira, 21 de janeiro<\/b><\/span><\/h5>\n<li> <span> <a href=\"https:\/\/patch.com\/florida\/fort-myers\/calendar\/event\/20250121\/7d435fd9-1a5b-482e-8f94-7465cccf228d\/digital-discussion-the-minnesota-twins-spring-training-history\" rel=\"ugc\"><b>Discuss\u00e3o digital: a hist\u00f3ria do treinamento de primavera do Minnesota Twins <\/b><\/a> <\/span> <br \/>Edison &#038; Ford Winter Estates, 2350 McGregor Blvd, Fort Myers <br \/>10h30 <\/li>\n<li> <span> <a href=\"https:\/\/patch.com\/florida\/fort-myers\/calendar\/event\/20250121\/4c225292-7086-4a89-a364-772b3e806aa1\/gardening-class-introduction-to-florida-gardening-part-i\" rel=\"ugc\"><b>Aula de jardinagem: introdu\u00e7\u00e3o \u00e0 jardinagem na Fl\u00f3rida &#8211; Parte I<\/b><\/a> <\/span> <br \/>Edison &#038; Ford Winter Estates, 2350 McGregor Blvd, Fort Myers <br \/>13h30 <\/li>\n<h5><span class=\"text-green-8\"><b>Quarta-feira, 22 de janeiro<\/b><\/span><\/h5>\n<li> <span> <a href=\"https:\/\/fareharbor.com\/embeds\/book\/captivacruises\/items\/439322\/booking\/1516132b-b334-4a9f-bd8d-b77042a73a8e\/\" target=\"_blank\" rel=\"nofollow\"><b>Tour Hist\u00f3rico do Porto: PARTE DE Pine Island com Captiva Cruises<\/b><\/a> <\/span> <br \/>Escrit\u00f3rio de extens\u00e3o do condado de Lee da Universidade da Fl\u00f3rida, Calusa Heritage Trail Visitors Center no Randell Research Center, 13810 Waterfront Drive, Pineland, FL, 33922, EUA <br \/>12h30 <\/li>\n<h5><span class=\"text-green-8\"><b>Quinta-feira, 23 de janeiro<\/b><\/span><\/h5>\n<li> <span> <a href=\"https:\/\/patch.com\/florida\/fort-myers\/calendar\/event\/20250123\/a5ca4b7e-baf9-45b8-bab1-c375d694ca78\/pre-k-class-enchanted-garden-explorers-cultivating-curiosity\" rel=\"ugc\"><b>Aula Pr\u00e9-K \u2013 Exploradores do Jardim Encantado: Cultivando a Curiosidade<\/b><\/a> <\/span> <br \/>Edison &#038; Ford Winter Estates, 2350 McGregor Blvd, Fort Myers <br \/>10h00 <\/li>\n<li> <span> <a href=\"https:\/\/patch.com\/florida\/fort-myers\/calendar\/event\/20250123\/8c3ba5f2-41da-432e-9879-c5084aadb740\/trio-bohmo\" rel=\"ugc\"><b>Trio Boh\u00e9mo<\/b><\/a> <\/span> <br \/>Artis\u2014N\u00e1poles, 5833 Pelican Bay Blvd, N\u00e1poles <br \/>15h00 <\/li>\n<h5><span class=\"text-green-8\"><b>Sexta-feira, 24 de janeiro<\/b><\/span><\/h5>\n<li> <span> <a href=\"https:\/\/patch.com\/florida\/fort-myers\/calendar\/event\/20250124\/d5043a62-4eba-4b98-995e-33dc19a6aa43\/grandmas-murder-club-red-carpet-night\" rel=\"ugc\"><b>Clube do Assassinato da Vov\u00f3 &#8211; Noite no Tapete Vermelho<\/b><\/a> <\/span> <br \/>Teatro do Parque Cultural, 528 Cultural Park Blvd, Cape Coral <br \/>19h00 <\/li>\n<\/ul>\n<hr\/>\n<h4>\ud83d\uddd3 <strong>Eventos pr\u00f3ximos<\/strong><\/h4>\n<p> <em>Perdemos alguma coisa em nosso calend\u00e1rio? <a href=\"https:\/\/patch.com\/florida\/fort-myers\/compose\/event\">Adicione voc\u00ea mesmo um evento<\/a>! <\/em> Como sempre, antes de participar, confirme os detalhes do evento para garantir a precis\u00e3o. <\/p>\n<hr\/>\n<p><em>Quer um link para sua empresa neste boletim informativo? <a href=\"https:\/\/patch.com\/florida\/fort-myers\/compose\/bizpost\">Clique aqui<\/a>.<\/em><\/p>\n<hr\/>\n<h4>\ud83e\udea7 <strong>Classificados de patches<\/strong><\/h4>\n<ul>\n<li><b>Funcion\u00e1rios do Fort Myers Hooters fazem visita mensal \u00e0 casa de Valarie<\/b> <br \/>Emily Shaffer e Emily Hagedorn, funcion\u00e1rias do Hooters of Fort Myers, fizeram sua primeira visita mensal do ano \u00e0 Casa de Valerie em 9 de janeiro&#8230;. (<a href=\"https:\/\/patch.com\/florida\/fort-myers\/classifieds\/announcements\/506881\/fort-myers-hooters-employees-make-monthly-visit-to-valarie-s-house\" target=\"_blank\" rel=\"ugc\">Mais informa\u00e7\u00f5es<\/a>) <\/li>\n<\/ul>\n<hr\/>\n<p>\ud83d\udd28 <strong>Precisa de ajuda com um projeto em casa?<\/strong> Patch fez parceria com Thumbtack para tornar a contrata\u00e7\u00e3o de um profissional local confi\u00e1vel r\u00e1pida e f\u00e1cil. <a href=\"https:\/\/patch.com\/florida\/fort-myers\/businesses\" target=\"_blank\">Clique aqui para come\u00e7ar.<\/a><\/p>\n<hr\/>\n<h4>\ud83d\udcac <strong>Conversa<\/strong><\/h4>\n<p>O que seus vizinhos est\u00e3o falando nas redes sociais<\/p>\n<ul>\n<li><b>Este \u00e9 o seu cachorro?<\/b> <br \/>Ele estava vagando pelo quintal do meu vizinho na Hill Avenue, perto do campo de golfe Fort Myers. \u00c9 cego e tem problemas de mobilidade (<a href=\"https:\/\/nextdoor.com\/p\/2mkTX59DS6M4\/?from_partner=patch&#038;share_id=2mkTX59DS6M4&#038;utm_medium=public_api&#038;utm_source=patch&#038;utm_content=2mkTX59DS6M4&#038;next_url=\/p\/2mkTX59DS6M4&#038;utm_medium=email&#038;utm_campaign=pilot\" target=\"_blank\" rel=\"nofollow\">Ao lado<\/a> Parque Jefferson) <\/li>\n<\/ul>\n<ul>\n<li>  Esfor\u00e7o de resgate bem-sucedido: veja o que os bombeiros de Cape Coral retiraram de um bueiro\/&#8230; (X: <a href=\"https:\/\/twitter.com\/TheNewsPress\/status\/1880729396207599967?ref_src=twsrc%5Egoogle%7Ctwcamp%5Eserp%7Ctwgr%5Etweet\" target=\"_blank\" rel=\"nofollow\">@TheNewsPress<\/a>) <\/li>\n<li>  Parab\u00e9ns ao professor @DunbarHighFL Dan Trembley. Ele foi nomeado um dos oito finalistas do Pr\u00eamio Anual de Educador. Saiba mais em&#8230; (X: <a href=\"https:\/\/twitter.com\/LeeSchools\/status\/1880359443227201758?ref_src=twsrc%5Egoogle%7Ctwcamp%5Eserp%7Ctwgr%5Etweet\" target=\"_blank\" rel=\"nofollow\">@LeeSchools<\/a>) <\/li>\n<\/ul>\n<ul>\n<li>  All Service Electric of Ft Myers, Inc publicou uma vaga de emprego para <strong>Especialista em Desenvolvimento de Neg\u00f3cios<\/strong> em Fort Myers, Fl\u00f3rida. Inscreva-se em <a href=\"https:\/\/www.linkedin.com\/jobs\/view\/business-development-specialist-at-all-service-electric-of-ft-myers-inc-4129389033?utm_campaign=google_jobs_apply&#038;utm_source=google_jobs_apply&#038;utm_medium=organic\" target=\"_blank\" rel=\"nofollow\">LinkedIn<\/a>. <\/li>\n<li>  A Home Depot publicou uma vaga de emprego para <strong>Atendimento ao Cliente\/Vendas<\/strong> em Fort Myers, Fl\u00f3rida. Inscreva-se em <a href=\"https:\/\/careers.homedepot.com\/job\/6947782\/customer-service-sales-fort-myers-fl\/?utm_campaign=google_jobs_apply&#038;utm_source=google_jobs_apply&#038;utm_medium=organic\" target=\"_blank\" rel=\"nofollow\">As carreiras da Home Depot<\/a>. <\/li>\n<\/ul>\n<hr\/>\n<p> <b>Ok Fort Myers!<\/b> Ent\u00e3o agora voc\u00ea est\u00e1 por dentro do que est\u00e1 acontecendo hoje. Obrigado pela leitura e nos vemos na sua caixa de entrada na pr\u00f3xima vez! <\/p>\n<\/div>\n<p><script async src=\"\/\/platform.twitter.com\/widgets.js\" charset=\"utf-8\"><\/script><br \/>\n<br \/><br \/>\n<br \/><a href=\"http:\/\/patch.com\/florida\/fort-myers\/new-sidewalk-boosts-fort-myers-safety-nodx-20250119?utm_source=article-mostrecent&#038;utm_medium=rss&#038;utm_term=community%20corner&#038;utm_campaign=recirc&#038;utm_content=aol\">Source link <\/a><\/p>","protected":false},"excerpt":{"rendered":"<p>Bom dia, Fort Myers! Temos informa\u00e7\u00f5es sobre os \u00faltimos acontecimentos na cidade. Continue lendo para ficar por dentro. \u2615\ufe0f\ufe0f No boletim informativo de hoje: Nova cal\u00e7ada aumenta a seguran\u00e7a de&hellip;<\/p>","protected":false},"author":1,"featured_media":71100,"comment_status":"closed","ping_status":"open","sticky":false,"template":"","format":"standard","meta":{"content-type":"","footnotes":""},"categories":[1],"tags":[],"class_list":["post-93379","post","type-post","status-publish","format-standard","has-post-thumbnail","hentry","category-uncategorized"],"_links":{"self":[{"href":"https:\/\/tvbrazilusa.com\/pt\/wp-json\/wp\/v2\/posts\/93379","targetHints":{"allow":["GET"]}}],"collection":[{"href":"https:\/\/tvbrazilusa.com\/pt\/wp-json\/wp\/v2\/posts"}],"about":[{"href":"https:\/\/tvbrazilusa.com\/pt\/wp-json\/wp\/v2\/types\/post"}],"author":[{"embeddable":true,"href":"https:\/\/tvbrazilusa.com\/pt\/wp-json\/wp\/v2\/users\/1"}],"replies":[{"embeddable":true,"href":"https:\/\/tvbrazilusa.com\/pt\/wp-json\/wp\/v2\/comments?post=93379"}],"version-history":[{"count":1,"href":"https:\/\/tvbrazilusa.com\/pt\/wp-json\/wp\/v2\/posts\/93379\/revisions"}],"predecessor-version":[{"id":93380,"href":"https:\/\/tvbrazilusa.com\/pt\/wp-json\/wp\/v2\/posts\/93379\/revisions\/93380"}],"wp:featuredmedia":[{"embeddable":true,"href":"https:\/\/tvbrazilusa.com\/pt\/wp-json\/wp\/v2\/media\/71100"}],"wp:attachment":[{"href":"https:\/\/tvbrazilusa.com\/pt\/wp-json\/wp\/v2\/media?parent=93379"}],"wp:term":[{"taxonomy":"category","embeddable":true,"href":"https:\/\/tvbrazilusa.com\/pt\/wp-json\/wp\/v2\/categories?post=93379"},{"taxonomy":"post_tag","embeddable":true,"href":"https:\/\/tvbrazilusa.com\/pt\/wp-json\/wp\/v2\/tags?post=93379"}],"curies":[{"name":"wp","href":"https:\/\/api.w.org\/{rel}","templated":true}]}}