{"id":93582,"date":"2025-01-19T19:35:43","date_gmt":"2025-01-19T19:35:43","guid":{"rendered":"https:\/\/tvbrazilusa.com\/2025\/01\/19\/na-guerra-do-pix-o-governo-perdeu-para-39-milhoes-de-brasileiros\/"},"modified":"2025-01-19T19:35:44","modified_gmt":"2025-01-19T19:35:44","slug":"na-guerra-do-pix-o-governo-perdeu-para-39-milhoes-de-brasileiros","status":"publish","type":"post","link":"https:\/\/tvbrazilusa.com\/pt\/2025\/01\/19\/na-guerra-do-pix-o-governo-perdeu-para-39-milhoes-de-brasileiros\/","title":{"rendered":"Na guerra do Pix, o governo perdeu para 39 milh\u00f5es de brasileiros"},"content":{"rendered":"<p> <script async src=\"https:\/\/pagead2.googlesyndication.com\/pagead\/js\/adsbygoogle.js?client=ca-pub-8864793242727901\"\r\n     crossorigin=\"anonymous\"><\/script><br \/>\n<\/p>\n<div id=\"taboola-read-more\" style=\"display:block; width:100%\">\n<p>Na guerra do Pix, o governo perdeu para 39 milh\u00f5es de brasileiros que est\u00e3o no mercado informal de trabalho. Eles movimentam mais de R$ 1,5 trilh\u00e3o por ano. \u00c9 a chamada economia subterr\u00e2nea.\n<\/p>\n<p>Toda essa gente usava dinheiro em esp\u00e9cie e passou a utilizar o PIX para pagar e receber. Toda essa gente n\u00e3o quer saber de Receita Federal fu\u00e7ando na movimenta\u00e7\u00e3o da sua conta banc\u00e1ria para arrecadar mais bufunfa. J\u00e1 bastam todas as dificuldades que ela tem de enfrentar no dia-a-dia<\/p>\n<p>N\u00e3o subestimemos tanto os brasileiros, por favor: n\u00e3o foi boataria ou fake news sobre taxa\u00e7\u00e3o de opera\u00e7\u00f5es por Pix que fizeram despencar em um \u00fanico dia o uso do mais pr\u00e1tico e popular meio de pagamento.\n<\/p>\n<p>O que causou a queda vertiginosa foi o medo de ser chamado l\u00e1 na frente pela Receita Federal e ser cobrado, eventualmente, por ter movimentado mais de R$ 5 mil mensais por meio de Pix. Se conversassem com o povo nas ruas, governo e jornalistas teriam ouvido o verdadeiro motivo.\n<\/p>\n<p>\u00c9 justo acusar de sonega\u00e7\u00e3o a massa de cidad\u00e3os que movimenta a economia subterr\u00e2nea por ganhar o seu p\u00e3o sem emprego formal, viver de bicos, da m\u00e3o para a boca, e ter como \u00faltima das preocupa\u00e7\u00f5es pagar imposto a governo que n\u00e3o devolve em servi\u00e7os decentes o dinheiro que arrecadou?\n<\/p>\n<p>Antes de ser uma quest\u00e3o fiscal, o monitoramento de pagamentos e recebimentos por Pix \u00e9 uma quest\u00e3o moral. Os brasileiros pobres, que se remediam com imensas dificuldades, n\u00e3o podem nem merecem ter o bafo de governo no pesco\u00e7o \u2014 e\u00a0<a href=\"https:\/\/www.metropoles.com\/colunas\/mario-sabino\/a-democracia-salva-no-brasil-e-a-que-faz-disparar-a-cotacao-do-dolar\">governo gast\u00e3o<\/a>, que distribui dinheiro p\u00fablico entre privilegiados.\n<\/p>\n<p>Se \u00e9 para pegar tubar\u00e3o sonegador, o limite para in\u00edcio de monitoramento deveria ser muito, mas muito mais alto do que R$ 5 mil.\n<\/p>\n<p>Vivemos em uma sociedade extremamente injusta, que n\u00e3o cria oportunidades iguais para que as pessoas se desenvolvam nas suas diferen\u00e7as. Vivemos em um pa\u00eds com elite patrimonialista. Vivemos em um pa\u00eds que, sem a economia subterr\u00e2nea, produziria outros milh\u00f5es de esfomeados. Se n\u00e3o \u00e9 para resolver nada disso, a \u00fanica coisa decente a ser feita \u00e9 deixar os brasileiros em paz. Deixem o povo ganhar uma.\n<\/p>\n<p>Com informa\u00e7\u00f5es metr\u00f3poles\n<\/p>\n<\/p><\/div>\n<p><br \/>\n<br \/><a href=\"https:\/\/diariodobrasilnoticias.com.br\/noticia\/na-guerra-do-pix-o-governo-perdeu-para-39-milhoes-de-brasileiros-678d36d2eeb2a\">Source link <\/a><\/p>","protected":false},"excerpt":{"rendered":"<p>Na guerra do Pix, o governo perdeu para 39 milh\u00f5es de brasileiros que est\u00e3o no mercado informal de trabalho. Eles movimentam mais de R$ 1,5 trilh\u00e3o por ano. \u00c9 a&hellip;<\/p>","protected":false},"author":1,"featured_media":93583,"comment_status":"closed","ping_status":"open","sticky":false,"template":"","format":"standard","meta":{"content-type":"","footnotes":""},"categories":[16],"tags":[123,2448,5313,1267],"class_list":["post-93582","post","type-post","status-publish","format-standard","has-post-thumbnail","hentry","category-noticias","tag-brasil","tag-diario","tag-noticia","tag-noticias"],"_links":{"self":[{"href":"https:\/\/tvbrazilusa.com\/pt\/wp-json\/wp\/v2\/posts\/93582","targetHints":{"allow":["GET"]}}],"collection":[{"href":"https:\/\/tvbrazilusa.com\/pt\/wp-json\/wp\/v2\/posts"}],"about":[{"href":"https:\/\/tvbrazilusa.com\/pt\/wp-json\/wp\/v2\/types\/post"}],"author":[{"embeddable":true,"href":"https:\/\/tvbrazilusa.com\/pt\/wp-json\/wp\/v2\/users\/1"}],"replies":[{"embeddable":true,"href":"https:\/\/tvbrazilusa.com\/pt\/wp-json\/wp\/v2\/comments?post=93582"}],"version-history":[{"count":1,"href":"https:\/\/tvbrazilusa.com\/pt\/wp-json\/wp\/v2\/posts\/93582\/revisions"}],"predecessor-version":[{"id":93584,"href":"https:\/\/tvbrazilusa.com\/pt\/wp-json\/wp\/v2\/posts\/93582\/revisions\/93584"}],"wp:featuredmedia":[{"embeddable":true,"href":"https:\/\/tvbrazilusa.com\/pt\/wp-json\/wp\/v2\/media\/93583"}],"wp:attachment":[{"href":"https:\/\/tvbrazilusa.com\/pt\/wp-json\/wp\/v2\/media?parent=93582"}],"wp:term":[{"taxonomy":"category","embeddable":true,"href":"https:\/\/tvbrazilusa.com\/pt\/wp-json\/wp\/v2\/categories?post=93582"},{"taxonomy":"post_tag","embeddable":true,"href":"https:\/\/tvbrazilusa.com\/pt\/wp-json\/wp\/v2\/tags?post=93582"}],"curies":[{"name":"wp","href":"https:\/\/api.w.org\/{rel}","templated":true}]}}