{"id":93585,"date":"2025-01-19T19:47:50","date_gmt":"2025-01-19T19:47:50","guid":{"rendered":"https:\/\/tvbrazilusa.com\/2025\/01\/19\/saiba-quem-sao-as-tres-primeiras-refens-israelenses-libertadas-pelo-hamas\/"},"modified":"2025-01-19T19:47:51","modified_gmt":"2025-01-19T19:47:51","slug":"saiba-quem-sao-as-tres-primeiras-refens-israelenses-libertadas-pelo-hamas","status":"publish","type":"post","link":"https:\/\/tvbrazilusa.com\/pt\/2025\/01\/19\/saiba-quem-sao-as-tres-primeiras-refens-israelenses-libertadas-pelo-hamas\/","title":{"rendered":"Saiba quem s\u00e3o as tr\u00eas primeiras ref\u00e9ns israelenses libertadas pelo Hamas"},"content":{"rendered":"<p> <script async src=\"https:\/\/pagead2.googlesyndication.com\/pagead\/js\/adsbygoogle.js?client=ca-pub-8864793242727901\"\r\n     crossorigin=\"anonymous\"><\/script><br \/>\n<\/p>\n<div id=\"taboola-read-more\" style=\"display:block; width:100%\">\n<p>Um comboio da Cruz Vermelha entrou na Faixa de Gaza neste domingo (19) para resgatar as primeiras tr\u00eas ref\u00e9ns libertadas pelo grupo terrorista Hamas, parte do acordo de cessar-fogo com Israel que come\u00e7ou hoje. As informa\u00e7\u00f5es s\u00e3o do jornal Times of Israel.\n<\/p>\n<p>A tr\u00e9gua chega ap\u00f3s 15 meses de intensos conflitos. O trio tem cidadania israelense e todas foram sequestradas durante os ataques de 7 de outubro de 2023, quando a guerra teve in\u00edcio.<\/p>\n<p><strong>S\u00e3o elas:<\/strong>\n<\/p>\n<p>Romi Gonen, 24 anos: levada enquanto tentava fugir do festival Supernova.\n<\/p>\n<p>Emily Damari, 28 anos: cidad\u00e3 brit\u00e2nica-israelense, sequestrada no Kibutz Kfar Aza, ao sul de Israel.\n<\/p>\n<p>Doron Steinbrecher, 31 anos: enfermeira veterin\u00e1ria, capturada dentro de seu apartamento em Kfar Aza.\n<\/p>\n<p>As tr\u00eas mulheres est\u00e3o a caminho de um base do Ex\u00e9rcito nos arredores de Gaza, onde se reunir\u00e3o com suas fam\u00edlias e passar\u00e3o por tratamento m\u00e9dico. Em Tel-Aviv, houve gritos e comemora\u00e7\u00f5es na pra\u00e7a dos ref\u00e9ns quando a soltura foi confirmada.\n<\/p>\n<p>No s\u00e1bado (18), o primeiro-ministro israelense, Benjamin Netanyahu, exigiu que o Hamas confirmasse a identidade das ref\u00e9ns a serem libertadas antes de autorizar o in\u00edcio do cessar-fogo.\n<\/p>\n<p><strong>Detalhes do acordo<\/strong>\n<\/p>\n<p>Anunciado na \u00faltima quarta-feira (15), o acordo de cessar-fogo foi oficialmente aprovado pelo governo israelense na sexta-feira (17). Com dura\u00e7\u00e3o inicial prevista de 42 dias, o tratado estipula a liberta\u00e7\u00e3o de 33 dos 98 ref\u00e9ns atualmente em poder do Hamas, dividida em tr\u00eas etapas.\n<\/p>\n<p>Apesar da tr\u00e9gua, Netanyahu enfatizou que o cessar-fogo \u00e9 apenas tempor\u00e1rio. \u201cSe as nossas demandas n\u00e3o forem atendidas, os confrontos ser\u00e3o retomados,\u201d afirmou o l\u00edder israelense.\n<\/p>\n<p>J\u00e1 a segunda fase deve ocorrer a partir de fevereiro, enquanto a primeira ainda estiver em andamento. A partir dela, o Hamas libertaria os ref\u00e9ns restantes, principalmente soldados, em troca de mais prisioneiros palestinos e da retirada completa de Israel da Faixa de Gaza.\n<\/p>\n<p>A terceira e \u00faltima etapa tamb\u00e9m depende de negocia\u00e7\u00f5es. Nela, seria discutido um plano de reconstru\u00e7\u00e3o de Gaza, que seria executado sob supervis\u00e3o internacional. Mas ainda n\u00e3o h\u00e1 defini\u00e7\u00e3o de quem vai governar o territ\u00f3rio no futuro.\n<\/p>\n<p>O acordo foi elaborado a partir de uma estrutura definida h\u00e1 meses pelo presidente dos Estados Unidos, Joe Biden, e endossado pelo Conselho de Seguran\u00e7a da ONU (Organiza\u00e7\u00e3o das Na\u00e7\u00f5es Unidas).\n<\/p>\n<p><strong>Por que o conflito come\u00e7ou<\/strong>\n<\/p>\n<p>Na madrugada de 7 de outubro de 2023, terroristas do Hamas bombardearam Israel em um ataque surpresa. Mil e duzentas pessoas foram mortas, e outras 250, sequestradas \u2014 no que foi considerado o maior golpe sofrido pelo pa\u00eds em toda a sua hist\u00f3ria.\n<\/p>\n<p>O grupo terrorista Hamas, que governa a Faixa de Gaza desde 2007, disse que aquela era \u201cuma grande opera\u00e7\u00e3o para a retomada do territ\u00f3rio\u201d \u2014 disputado entre judeus e \u00e1rabes.\n<\/p>\n<p>No mesmo dia, Benjamin Netanyahu disse que o pa\u00eds havia entrado em estado de guerra. Em seguida, Israel iniciou uma invas\u00e3o a Gaza, com ataques por terra e pelo ar.\n<\/p>\n<p>Ao menos 46 mil pessoas morreram desde ent\u00e3o, sendo mais da metade delas mulheres e crian\u00e7as, segundo o Minist\u00e9rio da Sa\u00fade de Gaza \u2014 que \u00e9 controlado pelo grupo terrorista Hamas e n\u00e3o informa quantos dos mortos eram combatentes.\n<\/p>\n<p>Fonte: R7              <\/p>\n<\/div>\n<p><br \/>\n<br \/><a href=\"https:\/\/diariodobrasilnoticias.com.br\/noticia\/saiba-quem-sao-as-tres-primeiras-refens-israelenses-libertadas-pelo-hamas-678d2797c5896\">Source link <\/a><\/p>","protected":false},"excerpt":{"rendered":"<p>Um comboio da Cruz Vermelha entrou na Faixa de Gaza neste domingo (19) para resgatar as primeiras tr\u00eas ref\u00e9ns libertadas pelo grupo terrorista Hamas, parte do acordo de cessar-fogo com&hellip;<\/p>","protected":false},"author":1,"featured_media":93586,"comment_status":"closed","ping_status":"open","sticky":false,"template":"","format":"standard","meta":{"content-type":"","footnotes":""},"categories":[16],"tags":[123,2448,5313,1267],"class_list":["post-93585","post","type-post","status-publish","format-standard","has-post-thumbnail","hentry","category-noticias","tag-brasil","tag-diario","tag-noticia","tag-noticias"],"_links":{"self":[{"href":"https:\/\/tvbrazilusa.com\/pt\/wp-json\/wp\/v2\/posts\/93585","targetHints":{"allow":["GET"]}}],"collection":[{"href":"https:\/\/tvbrazilusa.com\/pt\/wp-json\/wp\/v2\/posts"}],"about":[{"href":"https:\/\/tvbrazilusa.com\/pt\/wp-json\/wp\/v2\/types\/post"}],"author":[{"embeddable":true,"href":"https:\/\/tvbrazilusa.com\/pt\/wp-json\/wp\/v2\/users\/1"}],"replies":[{"embeddable":true,"href":"https:\/\/tvbrazilusa.com\/pt\/wp-json\/wp\/v2\/comments?post=93585"}],"version-history":[{"count":1,"href":"https:\/\/tvbrazilusa.com\/pt\/wp-json\/wp\/v2\/posts\/93585\/revisions"}],"predecessor-version":[{"id":93587,"href":"https:\/\/tvbrazilusa.com\/pt\/wp-json\/wp\/v2\/posts\/93585\/revisions\/93587"}],"wp:featuredmedia":[{"embeddable":true,"href":"https:\/\/tvbrazilusa.com\/pt\/wp-json\/wp\/v2\/media\/93586"}],"wp:attachment":[{"href":"https:\/\/tvbrazilusa.com\/pt\/wp-json\/wp\/v2\/media?parent=93585"}],"wp:term":[{"taxonomy":"category","embeddable":true,"href":"https:\/\/tvbrazilusa.com\/pt\/wp-json\/wp\/v2\/categories?post=93585"},{"taxonomy":"post_tag","embeddable":true,"href":"https:\/\/tvbrazilusa.com\/pt\/wp-json\/wp\/v2\/tags?post=93585"}],"curies":[{"name":"wp","href":"https:\/\/api.w.org\/{rel}","templated":true}]}}