{"id":93591,"date":"2025-01-19T20:12:44","date_gmt":"2025-01-19T20:12:44","guid":{"rendered":"https:\/\/tvbrazilusa.com\/2025\/01\/19\/trump-anuncia-que-assinara-ordem-executiva-para-impedir-suspensao-do-tiktok-nos-eua\/"},"modified":"2025-01-19T20:12:45","modified_gmt":"2025-01-19T20:12:45","slug":"trump-anuncia-que-assinara-ordem-executiva-para-impedir-suspensao-do-tiktok-nos-eua","status":"publish","type":"post","link":"https:\/\/tvbrazilusa.com\/pt\/2025\/01\/19\/trump-anuncia-que-assinara-ordem-executiva-para-impedir-suspensao-do-tiktok-nos-eua\/","title":{"rendered":"Trump anuncia que assinar\u00e1 ordem executiva para impedir suspens\u00e3o do TikTok nos EUA"},"content":{"rendered":"<p> <script async src=\"https:\/\/pagead2.googlesyndication.com\/pagead\/js\/adsbygoogle.js?client=ca-pub-8864793242727901\"\r\n     crossorigin=\"anonymous\"><\/script><br \/>\n<\/p>\n<div data-v-232111b4=\"data-v-232111b4\" data-v-0413e3c7=\"data-v-0413e3c7\">\n<p class=\"bullet mt-0\" data-v-232111b4=\"data-v-232111b4\">O prazo para o aplicativo sair do ar vencia na madrugada deste domingo (19). Segundo uma lei aprovada no ano passado e mantida na \u00faltima sexta-feira (17) por uma decis\u00e3o un\u00e2nime da Suprema Corte, o TikTok deveria ser vendido para investidores americanos.\n<\/p>\n<p class=\"bullet\" data-v-232111b4=\"data-v-232111b4\">A rede social enviou notifica\u00e7\u00f5es aos usu\u00e1rios para avisar sobre a suspens\u00e3o na madrugada de ontem. \u201cUma lei que pro\u00edbe o TikTok foi promulgada nos Estados Unidos. Infelizmente, isso significa que voc\u00ea n\u00e3o pode usar o TikTok por enquanto\u201d, informa a mensagem da plataforma.\n<\/p>\n<p class=\"bullet\" data-v-232111b4=\"data-v-232111b4\">O aplicativo enviou uma notifica\u00e7\u00e3o aos usur\u00e1rios horas antes de banimento. Mensagem foi entregue por volta das 21h (no hor\u00e1rio de Nova York, 23h no hor\u00e1rio de Bras\u00edlia).\n<\/p>\n<p class=\"bullet\" data-v-232111b4=\"data-v-232111b4\">Comunicado diz que o TikTok vai trabalhar para restaurar o servi\u00e7o \u201co mais r\u00e1pido poss\u00edvel\u201d. J\u00e1 Donald Trump indicou no s\u00e1bado que poderia examinar a possibilidade de garantir uma extens\u00e3o de 90 dias para o funcionamento do aplicativo, enquanto uma solu\u00e7\u00e3o permanente seria negociada.\n<\/p>\n<p class=\"bullet\" data-v-232111b4=\"data-v-232111b4\">Trump disse em entrevista \u00e0 TV nos EUA que vai aumentar o prazo da perman\u00eancia do aplicativo no pa\u00eds. Em conversa com jornalista da NBC News por telefone, o presidente eleito disse: \u201c[Aumentar o prazo de funcionamento do app] acho que certamente \u00e9 uma op\u00e7\u00e3o para analisarmos. Uma extens\u00e3o de 90 dias provavelmente acontecer\u00e1, porque \u00e9 apropriado\u201d, disse.\n<\/p>\n<p class=\"bullet\" data-v-232111b4=\"data-v-232111b4\">Governo americano justifica medida como prote\u00e7\u00e3o contra potenciais riscos \u00e0 seguran\u00e7a nacional. Lei em quest\u00e3o foi aprovada em 2024 pelo Congresso, com apoio de democratas e republicanos, e exige que o TikTok se desassocie da ByteDance para continuar operando nos EUA.\n<\/p>\n<\/div>\n<p><br \/>\n<br \/><a href=\"https:\/\/diariodobrasilnoticias.com.br\/noticia\/trump-anuncia-que-assinara-ordem-executiva-para-impedir-suspensao-do-tiktok-nos-eua-678d367c90ced\">Source link <\/a><\/p>","protected":false},"excerpt":{"rendered":"<p>O prazo para o aplicativo sair do ar vencia na madrugada deste domingo (19). Segundo uma lei aprovada no ano passado e mantida na \u00faltima sexta-feira (17) por uma decis\u00e3o&hellip;<\/p>","protected":false},"author":1,"featured_media":93592,"comment_status":"closed","ping_status":"open","sticky":false,"template":"","format":"standard","meta":{"content-type":"","footnotes":""},"categories":[16],"tags":[123,2448,5313,1267],"class_list":["post-93591","post","type-post","status-publish","format-standard","has-post-thumbnail","hentry","category-noticias","tag-brasil","tag-diario","tag-noticia","tag-noticias"],"_links":{"self":[{"href":"https:\/\/tvbrazilusa.com\/pt\/wp-json\/wp\/v2\/posts\/93591","targetHints":{"allow":["GET"]}}],"collection":[{"href":"https:\/\/tvbrazilusa.com\/pt\/wp-json\/wp\/v2\/posts"}],"about":[{"href":"https:\/\/tvbrazilusa.com\/pt\/wp-json\/wp\/v2\/types\/post"}],"author":[{"embeddable":true,"href":"https:\/\/tvbrazilusa.com\/pt\/wp-json\/wp\/v2\/users\/1"}],"replies":[{"embeddable":true,"href":"https:\/\/tvbrazilusa.com\/pt\/wp-json\/wp\/v2\/comments?post=93591"}],"version-history":[{"count":1,"href":"https:\/\/tvbrazilusa.com\/pt\/wp-json\/wp\/v2\/posts\/93591\/revisions"}],"predecessor-version":[{"id":93593,"href":"https:\/\/tvbrazilusa.com\/pt\/wp-json\/wp\/v2\/posts\/93591\/revisions\/93593"}],"wp:featuredmedia":[{"embeddable":true,"href":"https:\/\/tvbrazilusa.com\/pt\/wp-json\/wp\/v2\/media\/93592"}],"wp:attachment":[{"href":"https:\/\/tvbrazilusa.com\/pt\/wp-json\/wp\/v2\/media?parent=93591"}],"wp:term":[{"taxonomy":"category","embeddable":true,"href":"https:\/\/tvbrazilusa.com\/pt\/wp-json\/wp\/v2\/categories?post=93591"},{"taxonomy":"post_tag","embeddable":true,"href":"https:\/\/tvbrazilusa.com\/pt\/wp-json\/wp\/v2\/tags?post=93591"}],"curies":[{"name":"wp","href":"https:\/\/api.w.org\/{rel}","templated":true}]}}