{"id":93609,"date":"2025-01-19T21:09:14","date_gmt":"2025-01-19T21:09:14","guid":{"rendered":"https:\/\/tvbrazilusa.com\/2025\/01\/19\/apesar-dos-esforcos-de-lula-relacao-com-militares-e-marcada-por-desconfianca\/"},"modified":"2025-01-19T21:09:16","modified_gmt":"2025-01-19T21:09:16","slug":"apesar-dos-esforcos-de-lula-relacao-com-militares-e-marcada-por-desconfianca","status":"publish","type":"post","link":"https:\/\/tvbrazilusa.com\/pt\/2025\/01\/19\/apesar-dos-esforcos-de-lula-relacao-com-militares-e-marcada-por-desconfianca\/","title":{"rendered":"Apesar dos esfor\u00e7os de Lula, rela\u00e7\u00e3o com militares \u00e9 marcada por desconfian\u00e7a"},"content":{"rendered":"<p> <script async src=\"https:\/\/pagead2.googlesyndication.com\/pagead\/js\/adsbygoogle.js?client=ca-pub-8864793242727901\"\r\n     crossorigin=\"anonymous\"><\/script><br \/>\n<\/p>\n<div id=\"taboola-read-more\" style=\"display:block; width:100%\">\n<p>Apesar da aus\u00eancia dos chefes do Legislativo e do Judici\u00e1rio, o presidente Lula conseguiu reunir no Pal\u00e1cio do Planalto representantes dos Tr\u00eas Poderes na cerim\u00f4nia que marcou os dois anos dos ataques de 8\u00a0de janeiro. Entre eles, estavam o ministro da Defesa, Jos\u00e9 M\u00facio, e os comandantes da Marinha, do Ex\u00e9rcito e da Aeron\u00e1utica, personagens centrais de um dos enredos que mais desafiam o governo. Num sinal de defer\u00eancia do cerimonial do evento, organizado pela primeira-dama Ros\u00e2ngela da Silva, M\u00facio foi acomodado na primeira fileira de convidados. J\u00e1 o trio da c\u00fapula militar ficou nas \u00faltimas filas, um pouco \u00e0 frente do ator Jos\u00e9 de Abreu, que j\u00e1 defendeu o \u201cfechamento\u201d das tr\u00eas For\u00e7as e \u00e9 um cr\u00edtico ferrenho dos fardados. Todos entraram e sa\u00edram calados. Ap\u00f3s a apresenta\u00e7\u00e3o de obras de arte restauradas, discursos que condenaram a tentativa de golpe e gritos contra a anistia aos extremistas, a solenidade foi encerrada. Tudo milimetricamente planejado para transmitir uma imagem de tranquilidade \u2014 uma encena\u00e7\u00e3o, porque nas coxias, longe dos holofotes, a rela\u00e7\u00e3o entre o governo e os militares ainda \u00e9 de tens\u00e3o, apreen\u00ads\u00e3o e desconfian\u00e7a m\u00fatua.\n<\/p>\n<p>Na v\u00e9spera da cerim\u00f4nia, a c\u00fapula militar demonstrou inc\u00f4modo ao constatar que a solenidade teria um forte componente pol\u00edtico-eleitoral, e n\u00e3o institucional. Esse vi\u00e9s era incoerente com a determina\u00e7\u00e3o dada pelos comandantes aos quart\u00e9is para que se mantivessem longe da pol\u00edtica. Tamb\u00e9m parecia uma provoca\u00e7\u00e3o desnecess\u00e1ria, por expor os militares \u00e0 possibilidade de serem hostilizados em p\u00fablico. Mesmo assim, eles decidiram ir, j\u00e1 que a aus\u00eancia poderia ser interpretada como um gesto de insubordina\u00e7\u00e3o ou at\u00e9 de insatisfa\u00e7\u00e3o com os inqu\u00e9ritos que apuram a suposta tentativa de golpe, nos quais h\u00e1 uma longa lista de oficiais investigados. Com a decis\u00e3o de comparecer tomada, veio o debate sobre a extens\u00e3o dessa participa\u00e7\u00e3o. Os comandantes n\u00e3o sabiam se teriam ou n\u00e3o de descer a rampa do Pal\u00e1cio rumo aos militantes que aguardavam\u00a0<a href=\"https:\/\/12ft.io\/proxy?q=https%3A%2F%2Fveja.abril.com.br%2Fnoticias-sobre%2Fluiz-inacio-lula-da-silva%2F\" target=\"_parent\">Lula<\/a>\u00a0para um abra\u00e7o simb\u00f3lico em torno das flores que, espalhadas pelo ch\u00e3o, formavam a palavra democracia. O temor era de que fossem vaiados e chamados de \u201cgolpistas\u201d. O\u00a0mal-\u00adestar foi contornado pelo cerimonial, que liberou os comandantes. Eles deixaram o Planalto, de forma discreta, pelo elevador.<\/p>\n<p>A rela\u00e7\u00e3o do governo Lula com os militares est\u00e1 distante de algo que possa ser classificado como dentro da normalidade. Tanto que o principal respons\u00e1vel por tentar aproximar as partes, o ministro Jos\u00e9 M\u00facio, da Defesa, pediu ao presidente para deixar o cargo. Alvo permanente do fogo amigo petista, M\u00facio defende a puni\u00e7\u00e3o dos militares golpistas, ou do que ele chama de CPFs, preservando a institui\u00e7\u00e3o. Por outro lado, como forma de reduzir a avers\u00e3o da caserna ao PT, se empenhou, sem sucesso, para aprovar projetos de interesse das For\u00e7as Armadas, sabotado por colegas de governo. Ap\u00f3s dois anos de mandato, o diagn\u00f3stico \u00e9 o de que Lula at\u00e9 mant\u00e9m uma rela\u00e7\u00e3o cordial, mas seu governo n\u00e3o tem boa vontade com os quart\u00e9is. Recentemente, a temperatura voltou a subir. Em novembro passado, o Planalto anunciou que incluiria as For\u00e7as Armadas no pacote de ajuste fiscal e tocaria num dos pontos mais sens\u00edveis para a categoria: a Previd\u00eancia. Para a grande maioria dos oficiais, sen\u00e3o a totalidade, mudan\u00e7as no regime de aposentadoria devem ser classificadas como \u201cinaceit\u00e1veis\u201d. O governo sabe disso, mas decidiu levar o assunto em frente.\n<\/p>\n<p>O plano de arrocho quase levou \u00e0 queda de um comandante e tamb\u00e9m serviu como gatilho para M\u00facio entregar os pontos. No fim do ano passado, o ministro, os chefes das For\u00e7as e Lula se reuniram para discutir as mudan\u00e7as na Previd\u00eancia. Os militares pleiteavam uma transi\u00e7\u00e3o maior para a adequa\u00e7\u00e3o \u00e0 idade m\u00ednima de 55 anos proposta no texto. A conversa foi amig\u00e1vel. No dia seguinte, por\u00e9m, a Marinha divulgou um v\u00eddeo ironizando uma suposta boa vida dos civis enquanto os marinheiros suavam a camisa. Os militares festejaram intimamente a provoca\u00e7\u00e3o, mas o presidente ficou irritado, fechou as portas para a negocia\u00e7\u00e3o e convocou M\u00facio e o almirante Marcos Sampaio Olsen a dar explica\u00e7\u00f5es. O chefe da Marinha reconheceu que a grava\u00e7\u00e3o foi inoportuna, mas n\u00e3o pediu desculpas. J\u00e1 o ministro disse que n\u00e3o soube previamente do material e classificou o v\u00eddeo como um tiro nas costas. Havia receio de que o Ex\u00e9rcito e a Aeron\u00e1utica aderissem ao mesmo discurso e transformassem uma crise latente num embate p\u00fablico. Olsen quase foi demitido, mas se segurou no cargo porque o governo teve medo da repercuss\u00e3o. Os\u00a0apertos de m\u00e3o e concilia\u00e7\u00f5es em gabinetes que se seguiram n\u00e3o significam que a quest\u00e3o foi contornada.\n<\/p>\n<p>Militares de alta patente j\u00e1 sinalizaram que tentar\u00e3o derrotar ou amenizar as regras de mudan\u00e7a em seu regime previdenci\u00e1rio no Congresso. Se preciso, pedir\u00e3o votos at\u00e9 para a oposi\u00e7\u00e3o. Em meio ao iminente tiroteio, o ministro da Defesa sabe que ser\u00e1 atingido por um dos lados \u2014 ou os dois. A\u00a0poss\u00edvel sa\u00edda dele tem gerado preocupa\u00e7\u00e3o na c\u00fapula das For\u00e7as, que tenta convenc\u00ea-lo a permanecer no cargo. No meio pol\u00edtico, no entanto, n\u00e3o faltam interessados em sua demiss\u00e3o, que facilitaria a acomoda\u00e7\u00e3o de interesses envolvidos no debate de uma reforma ministerial. S\u00e3o cotados para a vaga nomes como Ricardo Lewandowski, hoje na Justi\u00e7a, o vice\u00a0<a href=\"https:\/\/12ft.io\/proxy?q=https%3A%2F%2Fveja.abril.com.br%2Fnoticias-sobre%2Fgeraldo-alckmin%2F\" target=\"_parent\">Geraldo Alckmin<\/a>\u00a0e o presidente do Senado, Rodrigo Pacheco. Seja qual for o nome, \u00e9 certo que ele n\u00e3o ter\u00e1 vida f\u00e1cil. Al\u00e9m da desconfian\u00e7a ampla, h\u00e1 o impasse sobre projetos. Com previs\u00e3o or\u00e7ament\u00e1ria de 133 bilh\u00f5es de reais para este ano, as For\u00e7as Armadas gastam a maior parte da verba com pagamento de pessoal e reclamam que recursos destinados ao treinamento da tropa acabam sendo consumidos em opera\u00e7\u00f5es emergenciais para as quais os militares s\u00e3o convocados. Tamb\u00e9m n\u00e3o haveria verbas para a moderniza\u00e7\u00e3o de equipamentos de combate.\n<\/p>\n<p>Um exemplo da insatisfa\u00e7\u00e3o foi tornado p\u00fablico pelo pr\u00f3prio M\u00facio quando reclamou com empres\u00e1rios de um veto \u201cideol\u00f3gico\u201d do governo \u00e0 aquisi\u00e7\u00e3o de viaturas blindadas de uma empresa de Israel, alvo de cr\u00edticas da diplomacia brasileira ap\u00f3s os ataques na Faixa de Gaza. Os estudos para a aquisi\u00e7\u00e3o come\u00e7aram h\u00e1 oito anos, a licita\u00e7\u00e3o passou por diversas etapas e obteve o aval do Tribunal de Contas da Uni\u00e3o (TCU), mas, por orienta\u00e7\u00e3o do assessor especial e chanceler informal Celso Amorim, a ordem \u00e9 para que a compra dos obuseiros n\u00e3o seja conclu\u00edda. Apesar do veto ideol\u00f3gico, em dezembro a licita\u00e7\u00e3o foi estendida por mais seis meses pelo Ex\u00e9rcito. A For\u00e7a sabe que o neg\u00f3cio, ao menos a curto prazo, n\u00e3o ser\u00e1 autorizado, mas quer que algu\u00e9m do governo formalize essa negativa, assumindo o \u00f4nus de impedir o avan\u00e7o do neg\u00f3cio. Essa guerra silenciosa agora est\u00e1 na imin\u00eancia de perder seu \u00fanico mediador, Jos\u00e9 M\u00facio, um apaziguador nato que parece ter perdido a paci\u00eancia para lidar com a m\u00e1 vontade de ambos os lados.\n<\/p>\n<p>Com informa\u00e7\u00f5es veja              <\/p>\n<\/div>\n<p><br \/>\n<br \/><a href=\"https:\/\/diariodobrasilnoticias.com.br\/noticia\/apesar-dos-esforcos-de-lula-relacao-com-militares-e-marcada-por-desconfianca-678d665244ed3\">Source link <\/a><\/p>","protected":false},"excerpt":{"rendered":"<p>Apesar da aus\u00eancia dos chefes do Legislativo e do Judici\u00e1rio, o presidente Lula conseguiu reunir no Pal\u00e1cio do Planalto representantes dos Tr\u00eas Poderes na cerim\u00f4nia que marcou os dois anos&hellip;<\/p>","protected":false},"author":1,"featured_media":93610,"comment_status":"closed","ping_status":"open","sticky":false,"template":"","format":"standard","meta":{"content-type":"","footnotes":""},"categories":[16],"tags":[123,2448,5313,1267],"class_list":["post-93609","post","type-post","status-publish","format-standard","has-post-thumbnail","hentry","category-noticias","tag-brasil","tag-diario","tag-noticia","tag-noticias"],"_links":{"self":[{"href":"https:\/\/tvbrazilusa.com\/pt\/wp-json\/wp\/v2\/posts\/93609","targetHints":{"allow":["GET"]}}],"collection":[{"href":"https:\/\/tvbrazilusa.com\/pt\/wp-json\/wp\/v2\/posts"}],"about":[{"href":"https:\/\/tvbrazilusa.com\/pt\/wp-json\/wp\/v2\/types\/post"}],"author":[{"embeddable":true,"href":"https:\/\/tvbrazilusa.com\/pt\/wp-json\/wp\/v2\/users\/1"}],"replies":[{"embeddable":true,"href":"https:\/\/tvbrazilusa.com\/pt\/wp-json\/wp\/v2\/comments?post=93609"}],"version-history":[{"count":1,"href":"https:\/\/tvbrazilusa.com\/pt\/wp-json\/wp\/v2\/posts\/93609\/revisions"}],"predecessor-version":[{"id":93611,"href":"https:\/\/tvbrazilusa.com\/pt\/wp-json\/wp\/v2\/posts\/93609\/revisions\/93611"}],"wp:featuredmedia":[{"embeddable":true,"href":"https:\/\/tvbrazilusa.com\/pt\/wp-json\/wp\/v2\/media\/93610"}],"wp:attachment":[{"href":"https:\/\/tvbrazilusa.com\/pt\/wp-json\/wp\/v2\/media?parent=93609"}],"wp:term":[{"taxonomy":"category","embeddable":true,"href":"https:\/\/tvbrazilusa.com\/pt\/wp-json\/wp\/v2\/categories?post=93609"},{"taxonomy":"post_tag","embeddable":true,"href":"https:\/\/tvbrazilusa.com\/pt\/wp-json\/wp\/v2\/tags?post=93609"}],"curies":[{"name":"wp","href":"https:\/\/api.w.org\/{rel}","templated":true}]}}