{"id":93627,"date":"2025-01-19T22:04:38","date_gmt":"2025-01-19T22:04:38","guid":{"rendered":"https:\/\/tvbrazilusa.com\/2025\/01\/19\/o-brasil-esta-virando-uma-piada-diz-eduardo-bolsonaro-nos-eua\/"},"modified":"2025-01-19T22:04:39","modified_gmt":"2025-01-19T22:04:39","slug":"o-brasil-esta-virando-uma-piada-diz-eduardo-bolsonaro-nos-eua","status":"publish","type":"post","link":"https:\/\/tvbrazilusa.com\/pt\/2025\/01\/19\/o-brasil-esta-virando-uma-piada-diz-eduardo-bolsonaro-nos-eua\/","title":{"rendered":"\u201cO Brasil est\u00e1 virando uma piada\u201d, diz Eduardo Bolsonaro nos EUA"},"content":{"rendered":"<p> <script async src=\"https:\/\/pagead2.googlesyndication.com\/pagead\/js\/adsbygoogle.js?client=ca-pub-8864793242727901\"\r\n     crossorigin=\"anonymous\"><\/script><br \/>\n<\/p>\n<div id=\"content_post\">\n<p>O deputado federal<strong><a href=\"https:\/\/x.com\/BolsonaroSP\/status\/1881048171960541625\/photo\/2\">\u00a0Eduardo Bolsonaro<\/a><\/strong>\u00a0(PL-SP) foi recebido por aliados de Donald Trump em Washington, onde participa de eventos relacionados \u00e0 posse do republicano, marcada para esta segunda-feira, 20.\u00a0\n<\/p>\n<p>Ele integra a\u00a0<a href=\"https:\/\/oantagonista.com.br\/brasil\/aliados-de-bolsonaro-participam-de-comicio-de-trump\/\">comitiva de pol\u00edticos brasileiros<\/a>\u00a0e participou de encontros com lideran\u00e7as do Partido Republicano, incluindo o vice-presidente eleito,\u00a0<strong>J.D. Vance<\/strong>, e integrantes do futuro gabinete.<\/p>\n<p>Questionado sobre a\u00a0<a href=\"https:\/\/oantagonista.com.br\/brasil\/bolsonaro-acompanha-michelle-para-posse-de-trump-e-critica-moraes\/\">aus\u00eancia do ex-presidente Jair Bolsonaro<\/a>\u00a0(PL), impedido de deixar o Brasil devido a decis\u00e3o judicial, Eduardo comparou a situa\u00e7\u00e3o pol\u00edtica brasileira \u00e0 da Venezuela.\u00a0\n<\/p>\n<div class=\"ad-wrapper-div\">\n<div id=\"ad_paragraph_2\" data-google-query-id=\"CNfdhfPfgosDFSUiBgAd_Y412g\">\n<p><em>A gente est\u00e1 vendo a mesma \u2018lawfare\u2019 que o Trump enfrentou aqui. O Brasil est\u00e1 virando uma piada. N\u00e3o demora muito, as autoridades brasileiras ter\u00e3o o mesmo cr\u00e9dito das autoridades venezuelanas fora do pa\u00eds\u201d<\/em>, afirmou \u00e0 Folha.\n<\/p>\n<p>Jair Bolsonaro teve seu pedido de autoriza\u00e7\u00e3o para viajar aos Estados Unidos negado pelo ministro\u00a0<strong>Alexandre de Moraes<\/strong>, do Supremo Tribunal Federal (STF).\u00a0\n<\/p>\n<p>\u00a0<\/p>\n<p>Moraes apontou risco de fuga e a aus\u00eancia de provas de que Trump havia convidado o ex-presidente brasileiro para a cerim\u00f4nia. O passaporte de Bolsonaro segue retido devido a investiga\u00e7\u00f5es que incluem sua suposta participa\u00e7\u00e3o em uma trama golpista em 2022.\n<\/p>\n<p>Com informa\u00e7\u00f5es &#8221; o antagonista&#8221;\n<\/p>\n<\/div>\n<\/div>\n<\/div>\n<p><br \/>\n<br \/><a href=\"https:\/\/diariodobrasilnoticias.com.br\/noticia\/-o-brasil-esta-virando-uma-piada-diz-eduardo-bolsonaro-nos-eua-678d720c12257\">Source link <\/a><\/p>","protected":false},"excerpt":{"rendered":"<p>O deputado federal\u00a0Eduardo Bolsonaro\u00a0(PL-SP) foi recebido por aliados de Donald Trump em Washington, onde participa de eventos relacionados \u00e0 posse do republicano, marcada para esta segunda-feira, 20.\u00a0 Ele integra a\u00a0comitiva&hellip;<\/p>","protected":false},"author":1,"featured_media":93628,"comment_status":"closed","ping_status":"open","sticky":false,"template":"","format":"standard","meta":{"content-type":"","footnotes":""},"categories":[16],"tags":[123,2448,5313,1267],"class_list":["post-93627","post","type-post","status-publish","format-standard","has-post-thumbnail","hentry","category-noticias","tag-brasil","tag-diario","tag-noticia","tag-noticias"],"_links":{"self":[{"href":"https:\/\/tvbrazilusa.com\/pt\/wp-json\/wp\/v2\/posts\/93627","targetHints":{"allow":["GET"]}}],"collection":[{"href":"https:\/\/tvbrazilusa.com\/pt\/wp-json\/wp\/v2\/posts"}],"about":[{"href":"https:\/\/tvbrazilusa.com\/pt\/wp-json\/wp\/v2\/types\/post"}],"author":[{"embeddable":true,"href":"https:\/\/tvbrazilusa.com\/pt\/wp-json\/wp\/v2\/users\/1"}],"replies":[{"embeddable":true,"href":"https:\/\/tvbrazilusa.com\/pt\/wp-json\/wp\/v2\/comments?post=93627"}],"version-history":[{"count":1,"href":"https:\/\/tvbrazilusa.com\/pt\/wp-json\/wp\/v2\/posts\/93627\/revisions"}],"predecessor-version":[{"id":93629,"href":"https:\/\/tvbrazilusa.com\/pt\/wp-json\/wp\/v2\/posts\/93627\/revisions\/93629"}],"wp:featuredmedia":[{"embeddable":true,"href":"https:\/\/tvbrazilusa.com\/pt\/wp-json\/wp\/v2\/media\/93628"}],"wp:attachment":[{"href":"https:\/\/tvbrazilusa.com\/pt\/wp-json\/wp\/v2\/media?parent=93627"}],"wp:term":[{"taxonomy":"category","embeddable":true,"href":"https:\/\/tvbrazilusa.com\/pt\/wp-json\/wp\/v2\/categories?post=93627"},{"taxonomy":"post_tag","embeddable":true,"href":"https:\/\/tvbrazilusa.com\/pt\/wp-json\/wp\/v2\/tags?post=93627"}],"curies":[{"name":"wp","href":"https:\/\/api.w.org\/{rel}","templated":true}]}}