{"id":93667,"date":"2025-01-20T00:19:11","date_gmt":"2025-01-20T00:19:11","guid":{"rendered":"https:\/\/tvbrazilusa.com\/2025\/01\/20\/apos-trump-exigir-entrega-de-refens-antes-de-sua-posse-hamas-inicia-libertacao-de-vitimas-israelenses\/"},"modified":"2025-01-20T00:19:13","modified_gmt":"2025-01-20T00:19:13","slug":"apos-trump-exigir-entrega-de-refens-antes-de-sua-posse-hamas-inicia-libertacao-de-vitimas-israelenses","status":"publish","type":"post","link":"https:\/\/tvbrazilusa.com\/pt\/2025\/01\/20\/apos-trump-exigir-entrega-de-refens-antes-de-sua-posse-hamas-inicia-libertacao-de-vitimas-israelenses\/","title":{"rendered":"Ap\u00f3s Trump exigir entrega de ref\u00e9ns antes de sua posse, Hamas inicia liberta\u00e7\u00e3o de v\u00edtimas israelenses"},"content":{"rendered":"<p> <script async src=\"https:\/\/pagead2.googlesyndication.com\/pagead\/js\/adsbygoogle.js?client=ca-pub-8864793242727901\"\r\n     crossorigin=\"anonymous\"><\/script><br \/>\n<\/p>\n<div id=\"taboola-read-more\" style=\"display:block; width:100%\">\n<p>Neste domingo (19), um dia antes da posse de Donald Trump como presidente dos\u00a0<a title=\"Estados Unidos\" href=\"https:\/\/www.conexaopolitica.com.br\/tag\/estados-unidos\/\" data-internallinksmanager029f6b8e52c=\"13\">Estados Unidos<\/a>, o Hamas iniciou a liberta\u00e7\u00e3o de ref\u00e9ns israelenses na Faixa de Gaza, em cumprimento \u00e0 primeira etapa de um acordo mediado por Catar, Estados Unidos e Egito.\n<\/p>\n<p>O processo de entrega ocorreu na pra\u00e7a Saraya, no centro da Cidade de Gaza, onde as ref\u00e9ns Romi Gonen, Emily Damari e Doron Steinbrecher foram entregues \u00e0 Cruz Vermelha. As imagens transmitidas ao vivo mostraram as ref\u00e9ns caminhando sem ajuda e uma multid\u00e3o reunida ao redor de ve\u00edculos da organiza\u00e7\u00e3o humanit\u00e1ria, enquanto homens armados do Hamas mantinham o controle da \u00e1rea.<\/p>\n<p>O acordo estabelece que, para cada ref\u00e9m israelense libertado, 30 prisioneiros palestinos detidos por Israel sejam soltos. A primeira fase inclui um cessar-fogo de seis semanas e a liberta\u00e7\u00e3o de 33 ref\u00e9ns pelo Hamas. Na segunda fase, ser\u00e1 negociado um cessar-fogo permanente e a liberta\u00e7\u00e3o dos ref\u00e9ns restantes. A terceira etapa envolve a reconstru\u00e7\u00e3o de Gaza e discuss\u00f5es sobre o futuro governamental da regi\u00e3o.\n<\/p>\n<p>Donald Trump, em sua rede Truth Social, celebrou o in\u00edcio do processo: \u201cOs ref\u00e9ns come\u00e7am a sair hoje! Tr\u00eas jovens maravilhosas ser\u00e3o as primeiras.\u201d O presidente eleito havia adotado uma postura r\u00edgida, amea\u00e7ando \u201ctransformar o Oriente M\u00e9dio em um inferno\u201d caso suas ordens \u2014solicitando cessar-fogo e liberta\u00e7\u00e3o das v\u00edtimas\u2014 n\u00e3o fossem cumpridas at\u00e9 sua posse.\n<\/p>\n<p>Com informa\u00e7\u00f5es conex\u00e3o pol\u00edtica              <\/p>\n<\/div>\n<p><br \/>\n<br \/><a href=\"https:\/\/diariodobrasilnoticias.com.br\/noticia\/apos-trump-exigir-entrega-de-refens-antes-de-sua-posse-hamas-inicia-libertacao-de-vitimas-israelenses-678d72d46921a\">Source link <\/a><\/p>","protected":false},"excerpt":{"rendered":"<p>Neste domingo (19), um dia antes da posse de Donald Trump como presidente dos\u00a0Estados Unidos, o Hamas iniciou a liberta\u00e7\u00e3o de ref\u00e9ns israelenses na Faixa de Gaza, em cumprimento \u00e0&hellip;<\/p>","protected":false},"author":1,"featured_media":93668,"comment_status":"closed","ping_status":"open","sticky":false,"template":"","format":"standard","meta":{"content-type":"","footnotes":""},"categories":[16],"tags":[123,2448,5313,1267],"class_list":["post-93667","post","type-post","status-publish","format-standard","has-post-thumbnail","hentry","category-noticias","tag-brasil","tag-diario","tag-noticia","tag-noticias"],"_links":{"self":[{"href":"https:\/\/tvbrazilusa.com\/pt\/wp-json\/wp\/v2\/posts\/93667","targetHints":{"allow":["GET"]}}],"collection":[{"href":"https:\/\/tvbrazilusa.com\/pt\/wp-json\/wp\/v2\/posts"}],"about":[{"href":"https:\/\/tvbrazilusa.com\/pt\/wp-json\/wp\/v2\/types\/post"}],"author":[{"embeddable":true,"href":"https:\/\/tvbrazilusa.com\/pt\/wp-json\/wp\/v2\/users\/1"}],"replies":[{"embeddable":true,"href":"https:\/\/tvbrazilusa.com\/pt\/wp-json\/wp\/v2\/comments?post=93667"}],"version-history":[{"count":1,"href":"https:\/\/tvbrazilusa.com\/pt\/wp-json\/wp\/v2\/posts\/93667\/revisions"}],"predecessor-version":[{"id":93669,"href":"https:\/\/tvbrazilusa.com\/pt\/wp-json\/wp\/v2\/posts\/93667\/revisions\/93669"}],"wp:featuredmedia":[{"embeddable":true,"href":"https:\/\/tvbrazilusa.com\/pt\/wp-json\/wp\/v2\/media\/93668"}],"wp:attachment":[{"href":"https:\/\/tvbrazilusa.com\/pt\/wp-json\/wp\/v2\/media?parent=93667"}],"wp:term":[{"taxonomy":"category","embeddable":true,"href":"https:\/\/tvbrazilusa.com\/pt\/wp-json\/wp\/v2\/categories?post=93667"},{"taxonomy":"post_tag","embeddable":true,"href":"https:\/\/tvbrazilusa.com\/pt\/wp-json\/wp\/v2\/tags?post=93667"}],"curies":[{"name":"wp","href":"https:\/\/api.w.org\/{rel}","templated":true}]}}