{"id":93670,"date":"2025-01-20T00:31:23","date_gmt":"2025-01-20T00:31:23","guid":{"rendered":"https:\/\/tvbrazilusa.com\/2025\/01\/20\/brasileira-em-israel-expoe-sua-vergonha-em-relacao-ao-governo-brasileiro\/"},"modified":"2025-01-20T00:31:25","modified_gmt":"2025-01-20T00:31:25","slug":"brasileira-em-israel-expoe-sua-vergonha-em-relacao-ao-governo-brasileiro","status":"publish","type":"post","link":"https:\/\/tvbrazilusa.com\/pt\/2025\/01\/20\/brasileira-em-israel-expoe-sua-vergonha-em-relacao-ao-governo-brasileiro\/","title":{"rendered":"Brasileira Em Israel exp\u00f5e sua vergonha em rela\u00e7\u00e3o  ao Governo Brasileiro"},"content":{"rendered":"<p> <script async src=\"https:\/\/pagead2.googlesyndication.com\/pagead\/js\/adsbygoogle.js?client=ca-pub-8864793242727901\"\r\n     crossorigin=\"anonymous\"><\/script><br \/>\n<\/p>\n<div id=\"taboola-read-more\" style=\"display:block; width:100%\">\n<p>Um brasileira em Israel, na Pra\u00e7a dos Ref\u00e9ns, falou sobre a frustra\u00e7\u00e3o em rela\u00e7\u00e3o ao governo brasileiro durante todo o per\u00edodo de guerra no pa\u00eds. Acompanhe toda a cobertura em nosso site e redes sociais.\n<\/p>\n<p>V\u00eddeo:<a href=\"https:\/\/www.instagram.com\/reel\/DFBZTyRyxMZ\/?utm_source=ig_web_copy_link\">https:\/\/www.instagram.com\/reel\/DFBZTyRyxMZ\/?utm_source=ig_web_copy_link<\/a><\/p>\n<p>Com informa\u00e7\u00f5es pleno news              <\/p>\n<\/div>\n<p><script async src=\"\/\/www.instagram.com\/embed.js\"><\/script><br \/>\n<br \/><br \/>\n<br \/><a href=\"https:\/\/diariodobrasilnoticias.com.br\/noticia\/brasileira-em-israel-expoe-sua-vergonha-em-relacao-ao-governo-brasileiro-678d7a1b189ee\">Source link <\/a><\/p>","protected":false},"excerpt":{"rendered":"<p>Um brasileira em Israel, na Pra\u00e7a dos Ref\u00e9ns, falou sobre a frustra\u00e7\u00e3o em rela\u00e7\u00e3o ao governo brasileiro durante todo o per\u00edodo de guerra no pa\u00eds. Acompanhe toda a cobertura em&hellip;<\/p>","protected":false},"author":1,"featured_media":93671,"comment_status":"closed","ping_status":"open","sticky":false,"template":"","format":"standard","meta":{"content-type":"","footnotes":""},"categories":[16],"tags":[123,2448,5313,1267],"class_list":["post-93670","post","type-post","status-publish","format-standard","has-post-thumbnail","hentry","category-noticias","tag-brasil","tag-diario","tag-noticia","tag-noticias"],"_links":{"self":[{"href":"https:\/\/tvbrazilusa.com\/pt\/wp-json\/wp\/v2\/posts\/93670","targetHints":{"allow":["GET"]}}],"collection":[{"href":"https:\/\/tvbrazilusa.com\/pt\/wp-json\/wp\/v2\/posts"}],"about":[{"href":"https:\/\/tvbrazilusa.com\/pt\/wp-json\/wp\/v2\/types\/post"}],"author":[{"embeddable":true,"href":"https:\/\/tvbrazilusa.com\/pt\/wp-json\/wp\/v2\/users\/1"}],"replies":[{"embeddable":true,"href":"https:\/\/tvbrazilusa.com\/pt\/wp-json\/wp\/v2\/comments?post=93670"}],"version-history":[{"count":1,"href":"https:\/\/tvbrazilusa.com\/pt\/wp-json\/wp\/v2\/posts\/93670\/revisions"}],"predecessor-version":[{"id":93672,"href":"https:\/\/tvbrazilusa.com\/pt\/wp-json\/wp\/v2\/posts\/93670\/revisions\/93672"}],"wp:featuredmedia":[{"embeddable":true,"href":"https:\/\/tvbrazilusa.com\/pt\/wp-json\/wp\/v2\/media\/93671"}],"wp:attachment":[{"href":"https:\/\/tvbrazilusa.com\/pt\/wp-json\/wp\/v2\/media?parent=93670"}],"wp:term":[{"taxonomy":"category","embeddable":true,"href":"https:\/\/tvbrazilusa.com\/pt\/wp-json\/wp\/v2\/categories?post=93670"},{"taxonomy":"post_tag","embeddable":true,"href":"https:\/\/tvbrazilusa.com\/pt\/wp-json\/wp\/v2\/tags?post=93670"}],"curies":[{"name":"wp","href":"https:\/\/api.w.org\/{rel}","templated":true}]}}