{"id":93691,"date":"2025-01-20T02:32:11","date_gmt":"2025-01-20T02:32:11","guid":{"rendered":"https:\/\/tvbrazilusa.com\/2025\/01\/20\/acidente-entre-tres-carros-na-rt-8-causa-interdicao\/"},"modified":"2025-01-20T02:37:47","modified_gmt":"2025-01-20T02:37:47","slug":"acidente-entre-tres-carros-na-rt-8-causa-interdicao","status":"publish","type":"post","link":"https:\/\/tvbrazilusa.com\/pt\/2025\/01\/20\/acidente-entre-tres-carros-na-rt-8-causa-interdicao\/","title":{"rendered":"Acidente entre tr\u00eas carros na RT 8 causa interdi\u00e7\u00e3o"},"content":{"rendered":"<script async src=\"https:\/\/pagead2.googlesyndication.com\/pagead\/js\/adsbygoogle.js?client=ca-pub-8864793242727901\"\r\n     crossorigin=\"anonymous\"><\/script>\n<p>TRUMBULL, Connecticut (WTNH) \u2013 Por volta das 20h40 da noite de domingo, o Departamento de Transportes de Connecticut relatou um fechamento devido a um acidente de tr\u00eas carros. <\/p>\n<p>De acordo com o DOT, as sa\u00eddas 4 a 2B sentido sul na Rota 8 est\u00e3o fechadas. <\/p>\n<p>Volte para mais detalhes.<\/p>\n<p><br \/>\n<br \/><a href=\"https:\/\/www.wtnh.com\/news\/connecticut\/fairfield\/3-car-crash-on-rt-8-causes-closure\/\">Source link <\/a><\/p>","protected":false},"excerpt":{"rendered":"<p>TRUMBULL, Connecticut (WTNH) \u2013 Por volta das 20h40 da noite de domingo, o Departamento de Transportes de Connecticut relatou um fechamento devido a um acidente de tr\u00eas carros. De acordo&hellip;<\/p>","protected":false},"author":1,"featured_media":93692,"comment_status":"closed","ping_status":"open","sticky":false,"template":"","format":"standard","meta":{"content-type":"","footnotes":""},"categories":[1],"tags":[],"class_list":["post-93691","post","type-post","status-publish","format-standard","has-post-thumbnail","hentry","category-uncategorized"],"_links":{"self":[{"href":"https:\/\/tvbrazilusa.com\/pt\/wp-json\/wp\/v2\/posts\/93691","targetHints":{"allow":["GET"]}}],"collection":[{"href":"https:\/\/tvbrazilusa.com\/pt\/wp-json\/wp\/v2\/posts"}],"about":[{"href":"https:\/\/tvbrazilusa.com\/pt\/wp-json\/wp\/v2\/types\/post"}],"author":[{"embeddable":true,"href":"https:\/\/tvbrazilusa.com\/pt\/wp-json\/wp\/v2\/users\/1"}],"replies":[{"embeddable":true,"href":"https:\/\/tvbrazilusa.com\/pt\/wp-json\/wp\/v2\/comments?post=93691"}],"version-history":[{"count":1,"href":"https:\/\/tvbrazilusa.com\/pt\/wp-json\/wp\/v2\/posts\/93691\/revisions"}],"predecessor-version":[{"id":93693,"href":"https:\/\/tvbrazilusa.com\/pt\/wp-json\/wp\/v2\/posts\/93691\/revisions\/93693"}],"wp:featuredmedia":[{"embeddable":true,"href":"https:\/\/tvbrazilusa.com\/pt\/wp-json\/wp\/v2\/media\/93692"}],"wp:attachment":[{"href":"https:\/\/tvbrazilusa.com\/pt\/wp-json\/wp\/v2\/media?parent=93691"}],"wp:term":[{"taxonomy":"category","embeddable":true,"href":"https:\/\/tvbrazilusa.com\/pt\/wp-json\/wp\/v2\/categories?post=93691"},{"taxonomy":"post_tag","embeddable":true,"href":"https:\/\/tvbrazilusa.com\/pt\/wp-json\/wp\/v2\/tags?post=93691"}],"curies":[{"name":"wp","href":"https:\/\/api.w.org\/{rel}","templated":true}]}}