{"id":93742,"date":"2025-01-20T10:10:52","date_gmt":"2025-01-20T10:10:52","guid":{"rendered":"https:\/\/tvbrazilusa.com\/2025\/01\/20\/familia-de-produtores-rurais-corre-o-risco-de-se-expulsa-de-sua-propria-fazenda-pelo-governo\/"},"modified":"2025-01-20T10:10:54","modified_gmt":"2025-01-20T10:10:54","slug":"familia-de-produtores-rurais-corre-o-risco-de-se-expulsa-de-sua-propria-fazenda-pelo-governo","status":"publish","type":"post","link":"https:\/\/tvbrazilusa.com\/pt\/2025\/01\/20\/familia-de-produtores-rurais-corre-o-risco-de-se-expulsa-de-sua-propria-fazenda-pelo-governo\/","title":{"rendered":"Fam\u00edlia de produtores rurais corre o risco de se expulsa de sua pr\u00f3pria fazenda pelo governo"},"content":{"rendered":"<p> <script async src=\"https:\/\/pagead2.googlesyndication.com\/pagead\/js\/adsbygoogle.js?client=ca-pub-8864793242727901\"\r\n     crossorigin=\"anonymous\"><\/script><br \/>\n<\/p>\n<div>\n<figure class=\"post-image\">\n<\/figure>\n<p>            <span style=\"font-size: 12px\">Reprodu\u00e7\u00e3o\/X<\/span><\/p>\n<p>            <!-- end metas --><br \/>\n            <!-- ADS --><\/p>\n<div id=\"taboola-read-more\" style=\"display:block; width:100%\">\n<p>Sexta-feira, 19 de mar\u00e7o de 2010. Foi nessa data que uma fam\u00edlia de pequenos produtores rurais de S\u00e3o Mateus, no Esp\u00edrito Santo, passou a lidar com o pesadelo de ser expulsa da fazenda em que vive desde a d\u00e9cada de 1960. Naquela \u00e9poca, o presidente Luiz In\u00e1cio Lula da Silva, numa canetada, decretou que a propriedade dos Bettim deveria ser entregue ao Instituto Nacional de Coloniza\u00e7\u00e3o e Reforma Agr\u00e1ria (Incra). A decis\u00e3o de desapropri\u00e1-los n\u00e3o prosperou. Passada mais de uma d\u00e9cada, com o petista de volta ao Pal\u00e1cio do Planalto, o calv\u00e1rio recome\u00e7ou.<\/p>\n<p>A partir do decreto assinado por Lula h\u00e1 15 anos, a Justi\u00e7a capixaba considerou como improdutiva a Fazenda Floresta &#038; Texas, sob controle da fam\u00edlia Bettim. Datada de dezembro, a decis\u00e3o determina a desapropria\u00e7\u00e3o do local at\u00e9 13 de fevereiro. Se nada mudar, o dia marcar\u00e1 a entrega da maior parte da \u00e1rea, de pouco mais de 700 hectares, para o Incra, com a justificativa de uso de \u201cinteresse social\u201d.<\/p>\n<p>Fonte: Revista Oeste<\/p>\n<\/p><\/div>\n<p>                        <!-- Scripts para conteudo --><\/p>\n<p>            <!-- .\/Scripts para conteudo --><br \/>\n            <!-- .\/Mat\u00e9ria --><\/p>\n<div class=\"row mt-3\">\n<div class=\"col-sm-6\">\n                <!-- Whatsapp channel 3--><br \/>\n                <a href=\"https:\/\/chat.whatsapp.com\/B8Qy6Erx4kb6yTzj3kaDco\" target=\"_blank\"><br \/>\n                  <img decoding=\"async\" src=\"https:\/\/diariodobrasilnoticias.com.br\/assets-site\/images\/bot_whatsapp.png\"\/><\/a>\n              <\/div>\n<div class=\"col-sm-6\">\n                <a href=\"https:\/\/t.me\/+_4gTmi5LKo03OTM5\" target=\"_blank\"><br \/>\n                  <img decoding=\"async\" src=\"https:\/\/diariodobrasilnoticias.com.br\/assets-site\/images\/bot_telegram.png\"\/><\/a>\n              <\/div>\n<\/p><\/div>\n<p>            <!-- end post-navigation --><\/p>\n<p>              <!-- end row --><\/p>\n<p>              <!-- end col-12-->\n                      <\/div>\n<p><br \/>\n<br \/><a href=\"https:\/\/diariodobrasilnoticias.com.br\/noticia\/familia-de-produtores-rurais-corre-o-risco-de-se-expulsa-de-sua-propria-fazenda-pelo-governo-678e1fb6ec3ec\">Source link <\/a><\/p>","protected":false},"excerpt":{"rendered":"<p>Reprodu\u00e7\u00e3o\/X Sexta-feira, 19 de mar\u00e7o de 2010. Foi nessa data que uma fam\u00edlia de pequenos produtores rurais de S\u00e3o Mateus, no Esp\u00edrito Santo, passou a lidar com o pesadelo de&hellip;<\/p>","protected":false},"author":1,"featured_media":93743,"comment_status":"closed","ping_status":"open","sticky":false,"template":"","format":"standard","meta":{"content-type":"","footnotes":""},"categories":[16],"tags":[123,2448,5313,1267],"class_list":["post-93742","post","type-post","status-publish","format-standard","has-post-thumbnail","hentry","category-noticias","tag-brasil","tag-diario","tag-noticia","tag-noticias"],"_links":{"self":[{"href":"https:\/\/tvbrazilusa.com\/pt\/wp-json\/wp\/v2\/posts\/93742","targetHints":{"allow":["GET"]}}],"collection":[{"href":"https:\/\/tvbrazilusa.com\/pt\/wp-json\/wp\/v2\/posts"}],"about":[{"href":"https:\/\/tvbrazilusa.com\/pt\/wp-json\/wp\/v2\/types\/post"}],"author":[{"embeddable":true,"href":"https:\/\/tvbrazilusa.com\/pt\/wp-json\/wp\/v2\/users\/1"}],"replies":[{"embeddable":true,"href":"https:\/\/tvbrazilusa.com\/pt\/wp-json\/wp\/v2\/comments?post=93742"}],"version-history":[{"count":1,"href":"https:\/\/tvbrazilusa.com\/pt\/wp-json\/wp\/v2\/posts\/93742\/revisions"}],"predecessor-version":[{"id":93744,"href":"https:\/\/tvbrazilusa.com\/pt\/wp-json\/wp\/v2\/posts\/93742\/revisions\/93744"}],"wp:featuredmedia":[{"embeddable":true,"href":"https:\/\/tvbrazilusa.com\/pt\/wp-json\/wp\/v2\/media\/93743"}],"wp:attachment":[{"href":"https:\/\/tvbrazilusa.com\/pt\/wp-json\/wp\/v2\/media?parent=93742"}],"wp:term":[{"taxonomy":"category","embeddable":true,"href":"https:\/\/tvbrazilusa.com\/pt\/wp-json\/wp\/v2\/categories?post=93742"},{"taxonomy":"post_tag","embeddable":true,"href":"https:\/\/tvbrazilusa.com\/pt\/wp-json\/wp\/v2\/tags?post=93742"}],"curies":[{"name":"wp","href":"https:\/\/api.w.org\/{rel}","templated":true}]}}