{"id":93745,"date":"2025-01-20T10:22:41","date_gmt":"2025-01-20T10:22:41","guid":{"rendered":"https:\/\/tvbrazilusa.com\/2025\/01\/20\/lula-esta-vendendo-a-amazonia-e-moraes-esta-agindo-como-juiz-nazista-diz-bannon\/"},"modified":"2025-01-20T10:22:42","modified_gmt":"2025-01-20T10:22:42","slug":"lula-esta-vendendo-a-amazonia-e-moraes-esta-agindo-como-juiz-nazista-diz-bannon","status":"publish","type":"post","link":"https:\/\/tvbrazilusa.com\/pt\/2025\/01\/20\/lula-esta-vendendo-a-amazonia-e-moraes-esta-agindo-como-juiz-nazista-diz-bannon\/","title":{"rendered":"Lula est\u00e1 vendendo a Amaz\u00f4nia e Moraes est\u00e1 agindo como juiz nazista, diz Bannon"},"content":{"rendered":"<p> <script async src=\"https:\/\/pagead2.googlesyndication.com\/pagead\/js\/adsbygoogle.js?client=ca-pub-8864793242727901\"\r\n     crossorigin=\"anonymous\"><\/script><br \/>\n<\/p>\n<div id=\"taboola-read-more\" style=\"display:block; width:100%\">\n<p>O estrategista pol\u00edtico Steve Bannon, ex-assessor de Donald Trump, fez duras cr\u00edticas ao ministro do Supremo Tribunal Federal (STF), Alexandre de Moraes, durante entrevista neste domingo (19) a um canal brasileiro no YouTube.<\/p>\n<p>Bannon comparou Moraes a ju\u00edzes nazistas dos anos 1930. \u201cOs brasileiros sabem que este homem \u00e9 radical. Ele \u00e9 como um juiz nazista dos anos 1930. Ele eventualmente precisa ser removido do cargo\u201d, afirmou, acusando tamb\u00e9m o sistema judicial brasileiro de ser mais corrupto do que o governo Lula. Segundo ele, \u201c\u00e9 essencial que o povo brasileiro ven\u00e7a em 2026 e restaure Bolsonaro na Presid\u00eancia\u201d.<\/p>\n<p>As declara\u00e7\u00f5es foram feitas durante um almo\u00e7o organizado por Bannon, que reuniu parlamentares brasileiros nos Estados Unidos para acompanhar a posse de Donald Trump, marcada para esta segunda-feira (20). Ele tamb\u00e9m mencionou que h\u00e1 uma comunidade internacional disposta a apoiar o Brasil e afirmou que mais de 2 mil pessoas compareceram ao evento em busca de Bolsonaro, a quem chamou de \u201clutador pela liberdade\u201d.<\/p>\n<p>Bolsonaro, no entanto, n\u00e3o p\u00f4de viajar para os EUA ap\u00f3s ter seu passaporte apreendido por decis\u00e3o de Moraes no \u00e2mbito da Opera\u00e7\u00e3o Tempus Veritatis, que investiga seu suposto envolvimento em supostos atos antidemocr\u00e1ticos.<\/p>\n<p>Al\u00e9m das cr\u00edticas ao STF, Bannon acusou o presidente Luiz In\u00e1cio Lula da Silva de \u201ctrair os brasileiros\u201d ao, segundo ele, \u201cvender a Amaz\u00f4nia ao Partido Comunista Chin\u00eas\u201d.<\/p>\n<p>Fonte: Conex\u00e3o Pol\u00edtica<\/p>\n<\/p><\/div>\n<p><br \/>\n<br \/><a href=\"https:\/\/diariodobrasilnoticias.com.br\/noticia\/lula-esta-vendendo-a-amazonia-e-moraes-esta-agindo-como-juiz-nazista-diz-bannon-678e21a8997da\">Source link <\/a><\/p>","protected":false},"excerpt":{"rendered":"<p>O estrategista pol\u00edtico Steve Bannon, ex-assessor de Donald Trump, fez duras cr\u00edticas ao ministro do Supremo Tribunal Federal (STF), Alexandre de Moraes, durante entrevista neste domingo (19) a um canal&hellip;<\/p>","protected":false},"author":1,"featured_media":93746,"comment_status":"closed","ping_status":"open","sticky":false,"template":"","format":"standard","meta":{"content-type":"","footnotes":""},"categories":[16],"tags":[123,2448,5313,1267],"class_list":["post-93745","post","type-post","status-publish","format-standard","has-post-thumbnail","hentry","category-noticias","tag-brasil","tag-diario","tag-noticia","tag-noticias"],"_links":{"self":[{"href":"https:\/\/tvbrazilusa.com\/pt\/wp-json\/wp\/v2\/posts\/93745","targetHints":{"allow":["GET"]}}],"collection":[{"href":"https:\/\/tvbrazilusa.com\/pt\/wp-json\/wp\/v2\/posts"}],"about":[{"href":"https:\/\/tvbrazilusa.com\/pt\/wp-json\/wp\/v2\/types\/post"}],"author":[{"embeddable":true,"href":"https:\/\/tvbrazilusa.com\/pt\/wp-json\/wp\/v2\/users\/1"}],"replies":[{"embeddable":true,"href":"https:\/\/tvbrazilusa.com\/pt\/wp-json\/wp\/v2\/comments?post=93745"}],"version-history":[{"count":1,"href":"https:\/\/tvbrazilusa.com\/pt\/wp-json\/wp\/v2\/posts\/93745\/revisions"}],"predecessor-version":[{"id":93747,"href":"https:\/\/tvbrazilusa.com\/pt\/wp-json\/wp\/v2\/posts\/93745\/revisions\/93747"}],"wp:featuredmedia":[{"embeddable":true,"href":"https:\/\/tvbrazilusa.com\/pt\/wp-json\/wp\/v2\/media\/93746"}],"wp:attachment":[{"href":"https:\/\/tvbrazilusa.com\/pt\/wp-json\/wp\/v2\/media?parent=93745"}],"wp:term":[{"taxonomy":"category","embeddable":true,"href":"https:\/\/tvbrazilusa.com\/pt\/wp-json\/wp\/v2\/categories?post=93745"},{"taxonomy":"post_tag","embeddable":true,"href":"https:\/\/tvbrazilusa.com\/pt\/wp-json\/wp\/v2\/tags?post=93745"}],"curies":[{"name":"wp","href":"https:\/\/api.w.org\/{rel}","templated":true}]}}