{"id":93748,"date":"2025-01-20T10:35:07","date_gmt":"2025-01-20T10:35:07","guid":{"rendered":"https:\/\/tvbrazilusa.com\/2025\/01\/20\/senador-dos-eua-envia-carta-a-moraes-pedindo-a-restituicao-do-passaporte-de-bolsonaro\/"},"modified":"2025-01-20T10:35:08","modified_gmt":"2025-01-20T10:35:08","slug":"senador-dos-eua-envia-carta-a-moraes-pedindo-a-restituicao-do-passaporte-de-bolsonaro","status":"publish","type":"post","link":"https:\/\/tvbrazilusa.com\/pt\/2025\/01\/20\/senador-dos-eua-envia-carta-a-moraes-pedindo-a-restituicao-do-passaporte-de-bolsonaro\/","title":{"rendered":"Senador dos EUA envia carta a Moraes pedindo a restitui\u00e7\u00e3o do passaporte de Bolsonaro"},"content":{"rendered":"<p> <script async src=\"https:\/\/pagead2.googlesyndication.com\/pagead\/js\/adsbygoogle.js?client=ca-pub-8864793242727901\"\r\n     crossorigin=\"anonymous\"><\/script><br \/>\n<\/p>\n<div id=\"taboola-read-more\" style=\"display:block; width:100%\">\n<p>Neste domingo (19), o senador Shane Jett, do estado de Oklahoma, nos Estados Unidos, enviou uma carta formal ao ministro Alexandre de Moraes e aos demais integrantes do Supremo Tribunal Federal (STF), solicitando a devolu\u00e7\u00e3o do passaporte do ex-presidente Jair Bolsonaro (PL).\n<\/p>\n<p>No documento, Jett sustenta a necessidade de garantir a liberdade individual, valor que diz ser essencial tanto na Constitui\u00e7\u00e3o brasileira quanto na tradi\u00e7\u00e3o democr\u00e1tica dos Estados Unidos.<\/p>\n<p>\u201cEm nome da liberdade individual, princ\u00edpio consagrado tanto na Constitui\u00e7\u00e3o brasileira quanto na tradi\u00e7\u00e3o democr\u00e1tica americana, e em considera\u00e7\u00e3o ao papel do Brasil como ator global no cen\u00e1rio pol\u00edtico e econ\u00f4mico, apelo para que a devolu\u00e7\u00e3o do passaporte de Jair Bolsonaro seja concedida\u201d, escreveu Shane Jett, identificando-se como membro do Senado de Oklahoma.\n<\/p>\n<p>At\u00e9 o momento, n\u00e3o houve resposta oficial do STF sobre o of\u00edcio. Bolsonaro est\u00e1 com o passaporte retido em raz\u00e3o de investiga\u00e7\u00f5es judiciais em andamento e teve pedidos anteriores de devolu\u00e7\u00e3o negados pela Corte.<\/p>\n<p>Fonte: Conex\u00e3o Pol\u00edtica              <\/p>\n<\/div>\n<p><br \/>\n<br \/><a href=\"https:\/\/diariodobrasilnoticias.com.br\/noticia\/senador-dos-eua-envia-carta-a-moraes-pedindo-a-restituicao-do-passaporte-de-bolsonaro-678e245f487b6\">Source link <\/a><\/p>","protected":false},"excerpt":{"rendered":"<p>Neste domingo (19), o senador Shane Jett, do estado de Oklahoma, nos Estados Unidos, enviou uma carta formal ao ministro Alexandre de Moraes e aos demais integrantes do Supremo Tribunal&hellip;<\/p>","protected":false},"author":1,"featured_media":93749,"comment_status":"closed","ping_status":"open","sticky":false,"template":"","format":"standard","meta":{"content-type":"","footnotes":""},"categories":[16],"tags":[123,2448,5313,1267],"class_list":["post-93748","post","type-post","status-publish","format-standard","has-post-thumbnail","hentry","category-noticias","tag-brasil","tag-diario","tag-noticia","tag-noticias"],"_links":{"self":[{"href":"https:\/\/tvbrazilusa.com\/pt\/wp-json\/wp\/v2\/posts\/93748","targetHints":{"allow":["GET"]}}],"collection":[{"href":"https:\/\/tvbrazilusa.com\/pt\/wp-json\/wp\/v2\/posts"}],"about":[{"href":"https:\/\/tvbrazilusa.com\/pt\/wp-json\/wp\/v2\/types\/post"}],"author":[{"embeddable":true,"href":"https:\/\/tvbrazilusa.com\/pt\/wp-json\/wp\/v2\/users\/1"}],"replies":[{"embeddable":true,"href":"https:\/\/tvbrazilusa.com\/pt\/wp-json\/wp\/v2\/comments?post=93748"}],"version-history":[{"count":1,"href":"https:\/\/tvbrazilusa.com\/pt\/wp-json\/wp\/v2\/posts\/93748\/revisions"}],"predecessor-version":[{"id":93750,"href":"https:\/\/tvbrazilusa.com\/pt\/wp-json\/wp\/v2\/posts\/93748\/revisions\/93750"}],"wp:featuredmedia":[{"embeddable":true,"href":"https:\/\/tvbrazilusa.com\/pt\/wp-json\/wp\/v2\/media\/93749"}],"wp:attachment":[{"href":"https:\/\/tvbrazilusa.com\/pt\/wp-json\/wp\/v2\/media?parent=93748"}],"wp:term":[{"taxonomy":"category","embeddable":true,"href":"https:\/\/tvbrazilusa.com\/pt\/wp-json\/wp\/v2\/categories?post=93748"},{"taxonomy":"post_tag","embeddable":true,"href":"https:\/\/tvbrazilusa.com\/pt\/wp-json\/wp\/v2\/tags?post=93748"}],"curies":[{"name":"wp","href":"https:\/\/api.w.org\/{rel}","templated":true}]}}