{"id":93751,"date":"2025-01-20T10:48:07","date_gmt":"2025-01-20T10:48:07","guid":{"rendered":"https:\/\/tvbrazilusa.com\/2025\/01\/20\/jovens-evangelicos-se-manifestam-contra-ministerio-publico-por-causa-dos-intervalos-biblicos\/"},"modified":"2025-01-20T10:48:09","modified_gmt":"2025-01-20T10:48:09","slug":"jovens-evangelicos-se-manifestam-contra-ministerio-publico-por-causa-dos-intervalos-biblicos","status":"publish","type":"post","link":"https:\/\/tvbrazilusa.com\/pt\/2025\/01\/20\/jovens-evangelicos-se-manifestam-contra-ministerio-publico-por-causa-dos-intervalos-biblicos\/","title":{"rendered":"Jovens evang\u00e9licos se manifestam contra Minist\u00e9rio P\u00fablico por causa dos intervalos b\u00edblicos"},"content":{"rendered":"<p> <script async src=\"https:\/\/pagead2.googlesyndication.com\/pagead\/js\/adsbygoogle.js?client=ca-pub-8864793242727901\"\r\n     crossorigin=\"anonymous\"><\/script><br \/>\n<\/p>\n<div>\n<figure class=\"post-image\">\n<\/figure>\n<p>            <span style=\"font-size: 12px\">Reprodu\u00e7\u00e3o\/Internet<\/span><\/p>\n<p>            <!-- end metas --><br \/>\n            <!-- ADS --><\/p>\n<div id=\"taboola-read-more\" style=\"display:block; width:100%\">\n<p>Jovens evang\u00e9licos enfrentam a\u00e7\u00f5es do minist\u00e9rio p\u00fablico e realizam cultos em universidades, escolas e vias p\u00fablicas.\n<\/p>\n<p>Em meio a investiga\u00e7\u00f5es conduzidas pelo Minist\u00e9rio P\u00fablico sobre a legalidade dos intervalos b\u00edblicos em institui\u00e7\u00f5es de ensino, jovens evang\u00e9licos de v\u00e1rias regi\u00f5es do Brasil est\u00e3o intensificando manifesta\u00e7\u00f5es p\u00fablicas de f\u00e9. Eles est\u00e3o promovendo encontros religiosos durante os intervalos escolares, em pra\u00e7as e at\u00e9 em vias p\u00fablicas. Os chamados \u201cintervalos b\u00edblicos\u201d \u2013 momentos de ora\u00e7\u00e3o e louvor realizados em ambientes educacionais durante os per\u00edodos de pausa entre aulas \u2013 t\u00eam se tornado mais comuns e ganhado grande visibilidade nas redes sociais. V\u00eddeos mostram estudantes participando de ora\u00e7\u00f5es, c\u00e2nticos e prega\u00e7\u00f5es em escolas e universidades, enquanto a\u00e7\u00f5es evangel\u00edsticas em locais p\u00fablicos refor\u00e7am a dissemina\u00e7\u00e3o da f\u00e9 entre os jovens.<\/p>\n<p>Em S\u00e3o Paulo, um dos movimentos mais expressivos, intitulado \u201cPaulista Clama\u201d, tem reunido grupos na Avenida Paulista e em suas proximidades. Esses encontros atraem multid\u00f5es que se re\u00fanem para expressar publicamente sua f\u00e9 crist\u00e3 por meio de can\u00e7\u00f5es e ora\u00e7\u00f5es. A mobiliza\u00e7\u00e3o reacendeu o debate sobre liberdade religiosa no Brasil.\n<\/p>\n<p>Fonte: 93fm              <\/p>\n<\/div>\n<p>                        <!-- Scripts para conteudo --><\/p>\n<p>            <!-- .\/Scripts para conteudo --><br \/>\n            <!-- .\/Mat\u00e9ria --><\/p>\n<div class=\"row mt-3\">\n<div class=\"col-sm-6\">\n                <!-- Whatsapp channel 3--><br \/>\n                <a href=\"https:\/\/chat.whatsapp.com\/B8Qy6Erx4kb6yTzj3kaDco\" target=\"_blank\"><br \/>\n                  <img decoding=\"async\" src=\"https:\/\/diariodobrasilnoticias.com.br\/assets-site\/images\/bot_whatsapp.png\"\/><\/a>\n              <\/div>\n<div class=\"col-sm-6\">\n                <a href=\"https:\/\/t.me\/+_4gTmi5LKo03OTM5\" target=\"_blank\"><br \/>\n                  <img decoding=\"async\" src=\"https:\/\/diariodobrasilnoticias.com.br\/assets-site\/images\/bot_telegram.png\"\/><\/a>\n              <\/div>\n<\/p><\/div>\n<p>            <!-- end post-navigation --><\/p>\n<p>              <!-- end row --><\/p>\n<p>              <!-- end col-12-->\n                      <\/div>\n<p><br \/>\n<br \/><a href=\"https:\/\/diariodobrasilnoticias.com.br\/noticia\/jovens-evangelicos-se-manifestam-contra-ministerio-publico-por-causa-dos-intervalos-biblicos-678e257cd0205\">Source link <\/a><\/p>","protected":false},"excerpt":{"rendered":"<p>Reprodu\u00e7\u00e3o\/Internet Jovens evang\u00e9licos enfrentam a\u00e7\u00f5es do minist\u00e9rio p\u00fablico e realizam cultos em universidades, escolas e vias p\u00fablicas. Em meio a investiga\u00e7\u00f5es conduzidas pelo Minist\u00e9rio P\u00fablico sobre a legalidade dos intervalos&hellip;<\/p>","protected":false},"author":1,"featured_media":93752,"comment_status":"closed","ping_status":"open","sticky":false,"template":"","format":"standard","meta":{"content-type":"","footnotes":""},"categories":[16],"tags":[123,2448,5313,1267],"class_list":["post-93751","post","type-post","status-publish","format-standard","has-post-thumbnail","hentry","category-noticias","tag-brasil","tag-diario","tag-noticia","tag-noticias"],"_links":{"self":[{"href":"https:\/\/tvbrazilusa.com\/pt\/wp-json\/wp\/v2\/posts\/93751","targetHints":{"allow":["GET"]}}],"collection":[{"href":"https:\/\/tvbrazilusa.com\/pt\/wp-json\/wp\/v2\/posts"}],"about":[{"href":"https:\/\/tvbrazilusa.com\/pt\/wp-json\/wp\/v2\/types\/post"}],"author":[{"embeddable":true,"href":"https:\/\/tvbrazilusa.com\/pt\/wp-json\/wp\/v2\/users\/1"}],"replies":[{"embeddable":true,"href":"https:\/\/tvbrazilusa.com\/pt\/wp-json\/wp\/v2\/comments?post=93751"}],"version-history":[{"count":1,"href":"https:\/\/tvbrazilusa.com\/pt\/wp-json\/wp\/v2\/posts\/93751\/revisions"}],"predecessor-version":[{"id":93753,"href":"https:\/\/tvbrazilusa.com\/pt\/wp-json\/wp\/v2\/posts\/93751\/revisions\/93753"}],"wp:featuredmedia":[{"embeddable":true,"href":"https:\/\/tvbrazilusa.com\/pt\/wp-json\/wp\/v2\/media\/93752"}],"wp:attachment":[{"href":"https:\/\/tvbrazilusa.com\/pt\/wp-json\/wp\/v2\/media?parent=93751"}],"wp:term":[{"taxonomy":"category","embeddable":true,"href":"https:\/\/tvbrazilusa.com\/pt\/wp-json\/wp\/v2\/categories?post=93751"},{"taxonomy":"post_tag","embeddable":true,"href":"https:\/\/tvbrazilusa.com\/pt\/wp-json\/wp\/v2\/tags?post=93751"}],"curies":[{"name":"wp","href":"https:\/\/api.w.org\/{rel}","templated":true}]}}