{"id":93754,"date":"2025-01-20T11:00:52","date_gmt":"2025-01-20T11:00:52","guid":{"rendered":"https:\/\/tvbrazilusa.com\/2025\/01\/20\/casa-do-filme-esqueceram-de-mim-e-vendida-por-valor-milionario-veja-valor\/"},"modified":"2025-01-20T11:00:54","modified_gmt":"2025-01-20T11:00:54","slug":"casa-do-filme-esqueceram-de-mim-e-vendida-por-valor-milionario-veja-valor","status":"publish","type":"post","link":"https:\/\/tvbrazilusa.com\/pt\/2025\/01\/20\/casa-do-filme-esqueceram-de-mim-e-vendida-por-valor-milionario-veja-valor\/","title":{"rendered":"Casa do filme Esqueceram de Mim \u00e9 vendida por valor milion\u00e1rio; VEJA VALOR"},"content":{"rendered":"<p> <script async src=\"https:\/\/pagead2.googlesyndication.com\/pagead\/js\/adsbygoogle.js?client=ca-pub-8864793242727901\"\r\n     crossorigin=\"anonymous\"><\/script><br \/>\n<\/p>\n<div id=\"taboola-read-more\" style=\"display:block; width:100%\">\n<p>A casa que ganhou fama como o cen\u00e1rio do filme Esqueceram de Mim (1990) foi recentemente vendida por US$ 5,5 milh\u00f5es, valor que ultrapassa R$ 33 milh\u00f5es.\n<\/p>\n<p>O comprador, cuja identidade permanece em sigilo, n\u00e3o apenas pagou o valor pedido sem negocia\u00e7\u00e3o, mas tamb\u00e9m ofereceu um adicional de R$ 1,8 milh\u00e3o para garantir a compra.<\/p>\n<p>Em conversa com o vendedor, ele citou a compra como \u201cum bom investimento\u201d. Localizada no n\u00famero 671 da Lincoln Avenue, no bairro de North Shore, em Illinois, Chicago, a casa foi erguida em 1920 e seguiu o estilo georgiano.\n<\/p>\n<p>Com 847 m\u00b2 de \u00e1rea constru\u00edda, o im\u00f3vel que serviu de cen\u00e1rio para Esqueceram de Mim disp\u00f5e de cinco quartos, seis banheiros, uma ampla sala de estar, lavanderia, academia, espa\u00e7o de recrea\u00e7\u00e3o, quadra esportiva e uma sala de cinema com um cartaz do cl\u00e1ssico filme.\n<\/p>\n<p>Venda da casa de Esqueceram de Mim surpreendeu o mercado<br \/>A casa atingiu notoriedade em 1990 ao ser usada como cen\u00e1rio para o filme Esqueceram de Mim, estrelado por Macaulay Culkin. Na trama, o personagem Kevin McCallister fica sozinho em casa depois de ter sido esquecido pela fam\u00edlia no Natal e precisa proteger a resid\u00eancia de dois ladr\u00f5es. No segundo filme, Esqueceram de Mim 2, Kevin se perde da fam\u00edlia no aeroporto e embarca para Nova York.\n<\/p>\n<p>A venda surpreendeu o mercado imobili\u00e1rio de Chicago, sobretudo no segmento de luxo, em que \u00e9 comum que propriedades de alto padr\u00e3o enfrentem dificuldades para encontrar compradores sem reduzir os pre\u00e7os. Um exemplo \u00e9 a casa do ex-jogador de basquete Michael Jordan, tamb\u00e9m em North Shore, que foi vendida por US$ 9,5 milh\u00f5es depois de uma redu\u00e7\u00e3o no pre\u00e7o inicial de US$ 29 milh\u00f5es.\n<\/p>\n<p>Fonte: Revista Oeste              <\/p>\n<\/div>\n<p><br \/>\n<br \/><a href=\"https:\/\/diariodobrasilnoticias.com.br\/noticia\/casa-do-filme-esqueceram-de-mim-e-vendida-por-valor-milionario-veja-valor-678e2c0b1212c\">Source link <\/a><\/p>","protected":false},"excerpt":{"rendered":"<p>A casa que ganhou fama como o cen\u00e1rio do filme Esqueceram de Mim (1990) foi recentemente vendida por US$ 5,5 milh\u00f5es, valor que ultrapassa R$ 33 milh\u00f5es. O comprador, cuja&hellip;<\/p>","protected":false},"author":1,"featured_media":93755,"comment_status":"closed","ping_status":"open","sticky":false,"template":"","format":"standard","meta":{"content-type":"","footnotes":""},"categories":[16],"tags":[123,2448,5313,1267],"class_list":["post-93754","post","type-post","status-publish","format-standard","has-post-thumbnail","hentry","category-noticias","tag-brasil","tag-diario","tag-noticia","tag-noticias"],"_links":{"self":[{"href":"https:\/\/tvbrazilusa.com\/pt\/wp-json\/wp\/v2\/posts\/93754","targetHints":{"allow":["GET"]}}],"collection":[{"href":"https:\/\/tvbrazilusa.com\/pt\/wp-json\/wp\/v2\/posts"}],"about":[{"href":"https:\/\/tvbrazilusa.com\/pt\/wp-json\/wp\/v2\/types\/post"}],"author":[{"embeddable":true,"href":"https:\/\/tvbrazilusa.com\/pt\/wp-json\/wp\/v2\/users\/1"}],"replies":[{"embeddable":true,"href":"https:\/\/tvbrazilusa.com\/pt\/wp-json\/wp\/v2\/comments?post=93754"}],"version-history":[{"count":1,"href":"https:\/\/tvbrazilusa.com\/pt\/wp-json\/wp\/v2\/posts\/93754\/revisions"}],"predecessor-version":[{"id":93756,"href":"https:\/\/tvbrazilusa.com\/pt\/wp-json\/wp\/v2\/posts\/93754\/revisions\/93756"}],"wp:featuredmedia":[{"embeddable":true,"href":"https:\/\/tvbrazilusa.com\/pt\/wp-json\/wp\/v2\/media\/93755"}],"wp:attachment":[{"href":"https:\/\/tvbrazilusa.com\/pt\/wp-json\/wp\/v2\/media?parent=93754"}],"wp:term":[{"taxonomy":"category","embeddable":true,"href":"https:\/\/tvbrazilusa.com\/pt\/wp-json\/wp\/v2\/categories?post=93754"},{"taxonomy":"post_tag","embeddable":true,"href":"https:\/\/tvbrazilusa.com\/pt\/wp-json\/wp\/v2\/tags?post=93754"}],"curies":[{"name":"wp","href":"https:\/\/api.w.org\/{rel}","templated":true}]}}