{"id":93763,"date":"2025-01-20T11:31:32","date_gmt":"2025-01-20T11:31:32","guid":{"rendered":"https:\/\/tvbrazilusa.com\/2025\/01\/20\/lula-agradece-parceria-com-biden-no-encerramento-de-seu-mandato\/"},"modified":"2025-01-20T11:31:33","modified_gmt":"2025-01-20T11:31:33","slug":"lula-agradece-parceria-com-biden-no-encerramento-de-seu-mandato","status":"publish","type":"post","link":"https:\/\/tvbrazilusa.com\/pt\/2025\/01\/20\/lula-agradece-parceria-com-biden-no-encerramento-de-seu-mandato\/","title":{"rendered":"Lula agradece parceria com Biden no encerramento de seu mandato"},"content":{"rendered":"<p> <script async src=\"https:\/\/pagead2.googlesyndication.com\/pagead\/js\/adsbygoogle.js?client=ca-pub-8864793242727901\"\r\n     crossorigin=\"anonymous\"><\/script><br \/>\n<\/p>\n<div id=\"taboola-read-more\" style=\"display:block; width:100%\">\n<p>O presidente Luiz In\u00e1cio Lula da Silva (PT) expressou sua gratid\u00e3o ao presidente dos Estados Unidos, Joe Biden, que deixar\u00e1 o cargo nos pr\u00f3ximos dias. Em suas redes sociais, Lula publicou uma foto ao lado do l\u00edder norte-americano e destacou o trabalho conjunto desenvolvido entre Brasil e Estados Unidos.\n<\/p>\n<p>Lula elogiou a parceria dos dois pa\u00edses na defesa da democracia e no enfrentamento das mudan\u00e7as clim\u00e1ticas. \u201cNossas a\u00e7\u00f5es coordenadas em prol da defesa da democracia, da agenda clim\u00e1tica e da parceria pelos direitos dos trabalhadores e trabalhadoras demonstraram o quanto Brasil e EUA podem realizar juntos em busca de um mundo mais justo e de um planeta sustent\u00e1vel\u201d, afirmou.<\/p>\n<div id=\"fusion-app\" class=\"c-stack b-application\" data-style-direction=\"vertical\" data-style-justification=\"start\" data-style-alignment=\"unset\" data-style-inline=\"false\" data-style-wrap=\"nowrap\">\n<div class=\"lg:layout-gap-xs layout-gap-xxxs layout-grid layout-grid-cols-[minmax(0,100vw)]\">\n<div class=\"layout-container\">\n<div class=\"layout-flex layout-flex-col lg:layout-grid layout-grid-cols-24 layout-gap-xxxs xl:layout-gap-xs\">\n<article class=\"b-article-body tbl-forkorts-article\">\n<p class=\"dark:base-text-neutral-high-400 base-text-[calc(theme(fontSize.xs)_*_var(--font-size,_1))] base-font-normal base-font-primary base-text-neutral-low-500 base-text-left\"><span class=\"b-article-body__text\">O presidente brasileiro tamb\u00e9m relembrou a visita de Biden ao Brasil durante a C\u00fapula do G20, realizada no Rio de Janeiro. \u201cSa\u00fado tamb\u00e9m sua decis\u00e3o de retirar Cuba da lista de pa\u00edses que patrocinam o terrorismo. Desejo muitas felicidades nos anos que est\u00e3o por vir\u201d, completou Lula.<\/span>\n<\/p>\n<\/article>\n<\/div>\n<\/div>\n<div class=\"-base-bottom-full base-invisible -base-z-10 dark:base-bg-agerating-18anos-500 dark:base-border-solid dark:base-border-neutral-high-400 dark:base-border-[1px] base-mb-nano base-shadow-drop base-bg-neutral-high-400 base-rounded-lg base-fixed lg:base-w-[900px] base-w-9\/12 base-left-0 base-right-0 base-m-auto base-transition-all base-duration-300 !base-z-50 !base-bottom-0 !base-visible\">\n<article class=\"b-article-body tbl-forkorts-article\">\n<p class=\"dark:base-text-neutral-high-400 base-text-[calc(theme(fontSize.xs)_*_var(--font-size,_1))] base-font-normal base-font-primary base-text-neutral-low-500 base-text-left\"><span class=\"b-article-body__text\">O presidente eleito dos EUA, Donald Trump, tomar\u00e1 nesta segunda-feira (20). Durante a campanha eleitoral, Lula manifestou apoio \u00e0 reelei\u00e7\u00e3o de Biden e fez cr\u00edticas ao republicano Trump.<\/span>\n<\/p>\n<p>\u00a0<\/p>\n<p>Fonte: R7<\/p>\n<\/article>\n<p>\u00a0<\/p>\n<\/div>\n<\/div>\n<\/div>\n<p>\u00a0<\/p>\n<\/p><\/div>\n<p><br \/>\n<br \/><a href=\"https:\/\/diariodobrasilnoticias.com.br\/noticia\/lula-agradece-parceria-com-biden-no-encerramento-de-seu-mandato-678e23a1ebcdb\">Source link <\/a><\/p>","protected":false},"excerpt":{"rendered":"<p>O presidente Luiz In\u00e1cio Lula da Silva (PT) expressou sua gratid\u00e3o ao presidente dos Estados Unidos, Joe Biden, que deixar\u00e1 o cargo nos pr\u00f3ximos dias. Em suas redes sociais, Lula&hellip;<\/p>","protected":false},"author":1,"featured_media":93764,"comment_status":"closed","ping_status":"open","sticky":false,"template":"","format":"standard","meta":{"content-type":"","footnotes":""},"categories":[16],"tags":[123,2448,5313,1267],"class_list":["post-93763","post","type-post","status-publish","format-standard","has-post-thumbnail","hentry","category-noticias","tag-brasil","tag-diario","tag-noticia","tag-noticias"],"_links":{"self":[{"href":"https:\/\/tvbrazilusa.com\/pt\/wp-json\/wp\/v2\/posts\/93763","targetHints":{"allow":["GET"]}}],"collection":[{"href":"https:\/\/tvbrazilusa.com\/pt\/wp-json\/wp\/v2\/posts"}],"about":[{"href":"https:\/\/tvbrazilusa.com\/pt\/wp-json\/wp\/v2\/types\/post"}],"author":[{"embeddable":true,"href":"https:\/\/tvbrazilusa.com\/pt\/wp-json\/wp\/v2\/users\/1"}],"replies":[{"embeddable":true,"href":"https:\/\/tvbrazilusa.com\/pt\/wp-json\/wp\/v2\/comments?post=93763"}],"version-history":[{"count":1,"href":"https:\/\/tvbrazilusa.com\/pt\/wp-json\/wp\/v2\/posts\/93763\/revisions"}],"predecessor-version":[{"id":93765,"href":"https:\/\/tvbrazilusa.com\/pt\/wp-json\/wp\/v2\/posts\/93763\/revisions\/93765"}],"wp:featuredmedia":[{"embeddable":true,"href":"https:\/\/tvbrazilusa.com\/pt\/wp-json\/wp\/v2\/media\/93764"}],"wp:attachment":[{"href":"https:\/\/tvbrazilusa.com\/pt\/wp-json\/wp\/v2\/media?parent=93763"}],"wp:term":[{"taxonomy":"category","embeddable":true,"href":"https:\/\/tvbrazilusa.com\/pt\/wp-json\/wp\/v2\/categories?post=93763"},{"taxonomy":"post_tag","embeddable":true,"href":"https:\/\/tvbrazilusa.com\/pt\/wp-json\/wp\/v2\/tags?post=93763"}],"curies":[{"name":"wp","href":"https:\/\/api.w.org\/{rel}","templated":true}]}}