{"id":93769,"date":"2025-01-20T11:47:56","date_gmt":"2025-01-20T11:47:56","guid":{"rendered":"https:\/\/tvbrazilusa.com\/2025\/01\/20\/connecticut-recebe-mencao-relacionada-a-trump-no-saturday-night-live\/"},"modified":"2025-01-20T11:50:55","modified_gmt":"2025-01-20T11:50:55","slug":"connecticut-recebe-mencao-relacionada-a-trump-no-saturday-night-live","status":"publish","type":"post","link":"https:\/\/tvbrazilusa.com\/pt\/2025\/01\/20\/connecticut-recebe-mencao-relacionada-a-trump-no-saturday-night-live\/","title":{"rendered":"Connecticut recebe men\u00e7\u00e3o relacionada a Trump no &#8216;Saturday Night Live&#8217;"},"content":{"rendered":"<script async src=\"https:\/\/pagead2.googlesyndication.com\/pagead\/js\/adsbygoogle.js?client=ca-pub-8864793242727901\"\r\n     crossorigin=\"anonymous\"><\/script>\n<p>NOVA YORK, NY (WTNH) \u2013 Connecticut recebeu uma men\u00e7\u00e3o de destaque no \u201cSaturday Night Live\u201d no fim de semana. <\/p>\n<p>Durante a abertura fria de s\u00e1bado, o programa de com\u00e9dia de esquetes fez um segmento de \u201cCobertura especial da MSNBC\u201d, com um punhado de membros do elenco interpretando os \u00e2ncoras mais conhecidos do canal de not\u00edcias falando sobre a pr\u00f3xima inaugura\u00e7\u00e3o e outros eventos atuais. <\/p>\n<div class=\"nlp-ignore-block article-content rich-text\">\n<aside class=\"promo-link\">\n\t<a href=\"https:\/\/www.wtnh.com\/news\/politics\/ap-trumps-inauguration-will-be-held-inside-what-to-know-if-youre-traveling-to-washington\/?ipid=promo-link-block1\" class=\"promo-link__link\" target=\"\"_blank\"\"><\/p>\n<p>\t\tA inaugura\u00e7\u00e3o est\u00e1 acontecendo dentro de casa. Aqui est\u00e1 o que voc\u00ea deve saber sobre os planos alterados\t<\/a><br \/>\n<\/aside>\n<\/div>\n<p>Ao longo do segmento de aproximadamente oito minutos, os \u00e2ncoras s\u00e3o frequentemente interrompidos por \u201cnot\u00edcias de \u00faltima hora\u201d do presidente que retorna. <\/p>\n<p>A primeira interrup\u00e7\u00e3o acontece cedo, com Sarah Sherman \u2013 interpretando Rachel Maddow \u2013 parando no meio da frase para dizer: \u201cTrump aparentemente acabou de dizer aos rep\u00f3rteres que gostaria de \u2018trocar Connecticut pela It\u00e1lia.<\/p>\n<p>No domingo, o governador Ned Lamont (D-Conn.) tomou para <a href=\"https:\/\/x.com\/GovNedLamont\/status\/1881004937855049880\" target=\"_blank\" rel=\"noreferrer noopener\">X<\/a>dizendo que n\u00e3o parece um com\u00e9rcio justo. <\/p>\n<div class=\"nlp-ignore-block article-content rich-text\">\n<aside class=\"promo-link\">\n\t<a href=\"https:\/\/www.wtnh.com\/news\/politics\/ap-its-inauguration-eve-and-trump-is-ready-to-revel-in-his-return-to-power\/?ipid=promo-link-block2\" class=\"promo-link__link\" target=\"\"_blank\"\"><\/p>\n<p>\t\tTrump promete uma s\u00e9rie de a\u00e7\u00f5es executivas no primeiro dia para acabar com \u201cquatro longos anos de decl\u00ednio americano\u201d\t<\/a><br \/>\n<\/aside>\n<\/div>\n<p>&#8220;Trocando CT pela It\u00e1lia? Voc\u00ea j\u00e1 comeu queijo de Litchfield, vinho de Wallingford ou pizza de New Haven?&#8221; <a href=\"https:\/\/x.com\/GovNedLamont\/status\/1881004937855049880\" target=\"_blank\" rel=\"noreferrer noopener\">ele postou<\/a>. <\/p>\n<p>O presidente eleito Donald Trump deve iniciar seu segundo mandato n\u00e3o consecutivo na segunda-feira, ap\u00f3s uma cerim\u00f4nia de posse em Washington, DC <\/p>\n<p><br \/>\n<br \/><a href=\"https:\/\/www.wtnh.com\/news\/connecticut\/connecticut-gets-trump-related-mention-on-saturday-night-live\/\">Source link <\/a><\/p>","protected":false},"excerpt":{"rendered":"<p>NOVA YORK, NY (WTNH) \u2013 Connecticut recebeu uma men\u00e7\u00e3o de destaque no \u201cSaturday Night Live\u201d no fim de semana. Durante a abertura fria de s\u00e1bado, o programa de com\u00e9dia de&hellip;<\/p>","protected":false},"author":1,"featured_media":93770,"comment_status":"closed","ping_status":"open","sticky":false,"template":"","format":"standard","meta":{"content-type":"","footnotes":""},"categories":[1],"tags":[],"class_list":["post-93769","post","type-post","status-publish","format-standard","has-post-thumbnail","hentry","category-uncategorized"],"_links":{"self":[{"href":"https:\/\/tvbrazilusa.com\/pt\/wp-json\/wp\/v2\/posts\/93769","targetHints":{"allow":["GET"]}}],"collection":[{"href":"https:\/\/tvbrazilusa.com\/pt\/wp-json\/wp\/v2\/posts"}],"about":[{"href":"https:\/\/tvbrazilusa.com\/pt\/wp-json\/wp\/v2\/types\/post"}],"author":[{"embeddable":true,"href":"https:\/\/tvbrazilusa.com\/pt\/wp-json\/wp\/v2\/users\/1"}],"replies":[{"embeddable":true,"href":"https:\/\/tvbrazilusa.com\/pt\/wp-json\/wp\/v2\/comments?post=93769"}],"version-history":[{"count":1,"href":"https:\/\/tvbrazilusa.com\/pt\/wp-json\/wp\/v2\/posts\/93769\/revisions"}],"predecessor-version":[{"id":93771,"href":"https:\/\/tvbrazilusa.com\/pt\/wp-json\/wp\/v2\/posts\/93769\/revisions\/93771"}],"wp:featuredmedia":[{"embeddable":true,"href":"https:\/\/tvbrazilusa.com\/pt\/wp-json\/wp\/v2\/media\/93770"}],"wp:attachment":[{"href":"https:\/\/tvbrazilusa.com\/pt\/wp-json\/wp\/v2\/media?parent=93769"}],"wp:term":[{"taxonomy":"category","embeddable":true,"href":"https:\/\/tvbrazilusa.com\/pt\/wp-json\/wp\/v2\/categories?post=93769"},{"taxonomy":"post_tag","embeddable":true,"href":"https:\/\/tvbrazilusa.com\/pt\/wp-json\/wp\/v2\/tags?post=93769"}],"curies":[{"name":"wp","href":"https:\/\/api.w.org\/{rel}","templated":true}]}}