{"id":93784,"date":"2025-01-20T12:38:48","date_gmt":"2025-01-20T12:38:48","guid":{"rendered":"https:\/\/tvbrazilusa.com\/2025\/01\/20\/globo-reconsidera-agenda-progressista-e-avalia-restringir-cenas-de-beijo-gay-em-novela\/"},"modified":"2025-01-20T12:38:49","modified_gmt":"2025-01-20T12:38:49","slug":"globo-reconsidera-agenda-progressista-e-avalia-restringir-cenas-de-beijo-gay-em-novela","status":"publish","type":"post","link":"https:\/\/tvbrazilusa.com\/pt\/2025\/01\/20\/globo-reconsidera-agenda-progressista-e-avalia-restringir-cenas-de-beijo-gay-em-novela\/","title":{"rendered":"Globo reconsidera agenda progressista e avalia restringir cenas de beijo gay em novela"},"content":{"rendered":"<p> <script async src=\"https:\/\/pagead2.googlesyndication.com\/pagead\/js\/adsbygoogle.js?client=ca-pub-8864793242727901\"\r\n     crossorigin=\"anonymous\"><\/script><br \/>\n<\/p>\n<div id=\"taboola-read-more\" style=\"display:block; width:100%\">\n<p>A TV Globo analisar\u00e1 se um beijo gay escrito por Alessandra Poggi ir\u00e1 ao ar em Garota do Momento, atual novela das 18h. A rede, que tem cortado cenas e temas sobre diversidade em seus folhetins, chegou a gravar uma troca de carinho entre Guto (Pedro Goifman) e Vin\u00edcius (Elvis Vittorio), que est\u00e3o iniciando um romance.\n<\/p>\n<p>A ideia era que a sequ\u00eancia v\u00e1 ao ar no dia 17 de fevereiro. A alta c\u00fapula da rede, no entanto, n\u00e3o dever\u00e1 liberar a sua exibi\u00e7\u00e3o, em um aceno ao conservadorismo.<\/p>\n<p>De acordo com a colunista Carla Bittencourt, a autora da trama e a diretora Natalia Grimberg esperavam que a cena seja exibida por volta do cap\u00edtulo 90 do folhetim.\n<\/p>\n<p>A expectativa era alta de ambas as partes, principalmente pela boa aceita\u00e7\u00e3o do p\u00fablico em rela\u00e7\u00e3o \u00e0 novela, que apesar de n\u00e3o ser um grande fen\u00f4meno de audi\u00eancia na Globo, tem obtido uma repercuss\u00e3o satisfat\u00f3ria nas redes sociais e entre os telespectadores.\n<\/p>\n<p>Globo barra beijos homossexuais em novelas de todos os hor\u00e1rios<br \/>A reedi\u00e7\u00e3o de Garota do Momento continua um movimento que tem impactado produ\u00e7\u00f5es do canal nos \u00faltimos tempos. Em Vai na F\u00e9 (2023), cenas de beijos entre Clara (Regiane Alves) e Helena (Priscila Sztejnman) foram cortados na edi\u00e7\u00e3o, apesar de estarem no roteiro de Rosane Svartman.\n<\/p>\n<p>A alta c\u00fapula da Globo tamb\u00e9m pediu que o autor Jo\u00e3o Emanuel Carneiro cortasse uma trama l\u00e9sbica entre Diana (Vanessa Bueno) e F\u00e1tima (Mariana Santos) em Mania de Voc\u00ea. A decis\u00e3o foi tomada para que o p\u00fablico n\u00e3o se chocasse com a hist\u00f3ria.\n<\/p>\n<p>Fonte: Revista Oeste\n              <\/p>\n<\/div>\n<p><br \/>\n<br \/><a href=\"https:\/\/diariodobrasilnoticias.com.br\/noticia\/globo-reconsidera-agenda-progressista-e-avalia-restringir-cenas-de-beijo-gay-em-novela-678e2cc5a9c2c\">Source link <\/a><\/p>","protected":false},"excerpt":{"rendered":"<p>A TV Globo analisar\u00e1 se um beijo gay escrito por Alessandra Poggi ir\u00e1 ao ar em Garota do Momento, atual novela das 18h. A rede, que tem cortado cenas e&hellip;<\/p>","protected":false},"author":1,"featured_media":93785,"comment_status":"closed","ping_status":"open","sticky":false,"template":"","format":"standard","meta":{"content-type":"","footnotes":""},"categories":[16],"tags":[123,2448,5313,1267],"class_list":["post-93784","post","type-post","status-publish","format-standard","has-post-thumbnail","hentry","category-noticias","tag-brasil","tag-diario","tag-noticia","tag-noticias"],"_links":{"self":[{"href":"https:\/\/tvbrazilusa.com\/pt\/wp-json\/wp\/v2\/posts\/93784","targetHints":{"allow":["GET"]}}],"collection":[{"href":"https:\/\/tvbrazilusa.com\/pt\/wp-json\/wp\/v2\/posts"}],"about":[{"href":"https:\/\/tvbrazilusa.com\/pt\/wp-json\/wp\/v2\/types\/post"}],"author":[{"embeddable":true,"href":"https:\/\/tvbrazilusa.com\/pt\/wp-json\/wp\/v2\/users\/1"}],"replies":[{"embeddable":true,"href":"https:\/\/tvbrazilusa.com\/pt\/wp-json\/wp\/v2\/comments?post=93784"}],"version-history":[{"count":1,"href":"https:\/\/tvbrazilusa.com\/pt\/wp-json\/wp\/v2\/posts\/93784\/revisions"}],"predecessor-version":[{"id":93786,"href":"https:\/\/tvbrazilusa.com\/pt\/wp-json\/wp\/v2\/posts\/93784\/revisions\/93786"}],"wp:featuredmedia":[{"embeddable":true,"href":"https:\/\/tvbrazilusa.com\/pt\/wp-json\/wp\/v2\/media\/93785"}],"wp:attachment":[{"href":"https:\/\/tvbrazilusa.com\/pt\/wp-json\/wp\/v2\/media?parent=93784"}],"wp:term":[{"taxonomy":"category","embeddable":true,"href":"https:\/\/tvbrazilusa.com\/pt\/wp-json\/wp\/v2\/categories?post=93784"},{"taxonomy":"post_tag","embeddable":true,"href":"https:\/\/tvbrazilusa.com\/pt\/wp-json\/wp\/v2\/tags?post=93784"}],"curies":[{"name":"wp","href":"https:\/\/api.w.org\/{rel}","templated":true}]}}