{"id":93787,"date":"2025-01-20T12:52:03","date_gmt":"2025-01-20T12:52:03","guid":{"rendered":"https:\/\/tvbrazilusa.com\/2025\/01\/20\/ex-ator-revela-motivo-surpreendente-para-nao-retornar-a-globo\/"},"modified":"2025-01-20T12:52:05","modified_gmt":"2025-01-20T12:52:05","slug":"ex-ator-revela-motivo-surpreendente-para-nao-retornar-a-globo","status":"publish","type":"post","link":"https:\/\/tvbrazilusa.com\/pt\/2025\/01\/20\/ex-ator-revela-motivo-surpreendente-para-nao-retornar-a-globo\/","title":{"rendered":"Ex-ator revela motivo surpreendente para n\u00e3o retornar \u00e0 Globo"},"content":{"rendered":"<p> <script async src=\"https:\/\/pagead2.googlesyndication.com\/pagead\/js\/adsbygoogle.js?client=ca-pub-8864793242727901\"\r\n     crossorigin=\"anonymous\"><\/script><br \/>\n<\/p>\n<div id=\"taboola-read-more\" style=\"display:block; width:100%\">\n<p>Jos\u00e9 Mayer, renomado ator brasileiro, optou por recusar um convite de Aguinaldo Silva para uma participa\u00e7\u00e3o especial na novela \u201cTr\u00eas Gra\u00e7as\u201d, marcando o retorno do escritor \u00e0 Rede Globo. A trama est\u00e1 programada para ser exibida em 2026 e, segundo as informa\u00e7\u00f5es do colunista Gabriel Vaquer no F5, Mayer assumiria um papel de destaque nos primeiros cap\u00edtulos como uma forma de homenagem.\n<\/p>\n<p>O ator, que n\u00e3o aparece na televis\u00e3o desde 2016, decidiu encerrar sua carreira profissional. Esse afastamento ocorreu ap\u00f3s alega\u00e7\u00f5es de ass\u00e9dio por parte de uma funcion\u00e1ria da emissora, que resultaram em Mayer admitindo que ultrapassou alguns limites.<\/p>\n<p>Quais s\u00e3o os planos de Aguinaldo Silva para \u201cTr\u00eas Gra\u00e7as\u201d?<br \/>Veteranos da dramaturgia brasileira s\u00e3o parte do plano de Aguinaldo Silva para sua nova novela. O autor expressou, em diversas ocasi\u00f5es, seu desejo de incluir atores experientes em suas produ\u00e7\u00f5es como forma de enriquec\u00ea-las e homenagear suas trajet\u00f3rias. Al\u00e9m de Jos\u00e9 Mayer, Silva planeja escrever um personagem para Betty Faria, protagonista da cl\u00e1ssica novela \u201cTieta\u201d.\n<\/p>\n<p>O foco em atores veteranos \u00e9 uma estrat\u00e9gia de Silva para n\u00e3o apenas garantir performances de alto n\u00edvel, mas tamb\u00e9m para atrair o p\u00fablico saudosista, que acompanha suas obras desde os anos 1980 e 1990.\n<\/p>\n<p>Como a aposentadoria de Jos\u00e9 Mayer impacta o cen\u00e1rio televisivo?<br \/>A decis\u00e3o de Jos\u00e9 Mayer de se retirar definitivamente da TV marca um importante momento para a ind\u00fastria cultural brasileira. Com uma carreira recheada de personagens ic\u00f4nicos, sua sa\u00edda deixa uma lacuna significativa na dramaturgia nacional. Mayer foi um dos rostos mais conhecidos e respeitados, tendo estrelado in\u00fameras produ\u00e7\u00f5es de sucesso ao longo das d\u00e9cadas.\n<\/p>\n<ul>\n<li>Participa\u00e7\u00e3o em cl\u00e1ssicos da TV brasileira como \u201cA Favorita\u201d e \u201cSenhora do Destino\u201d;<\/li>\n<li>Aclama\u00e7\u00e3o cr\u00edtica por suas atua\u00e7\u00f5es intensas e carism\u00e1ticas;<\/li>\n<li>Quest\u00f5es pessoais e controv\u00e9rsias que marcaram suas \u00faltimas apari\u00e7\u00f5es p\u00fablicas.<\/li>\n<\/ul>\n<p>O legado de Mayer na televis\u00e3o brasileira\n<\/p>\n<p>Mesmo fora dos holofotes, o legado de Jos\u00e9 Mayer permanece vivo entre colegas e f\u00e3s. Suas muitas contribui\u00e7\u00f5es para a televis\u00e3o brasileira estabeleceram novos padr\u00f5es de interpreta\u00e7\u00e3o e versatilidade para gera\u00e7\u00f5es futuras de atores. A escolha de Mayer por se aposentar representa uma transi\u00e7\u00e3o pessoal e profissional significativa, mas sua influ\u00eancia duradoura \u00e9 ineg\u00e1vel no contexto cultural do pa\u00eds.\n<\/p>\n<p>Assim, tanto \u201cTr\u00eas Gra\u00e7as\u201d quanto outras futuras produ\u00e7\u00f5es continuar\u00e3o a se inspirar em profissionais que, como Mayer, ajudaram a moldar e enriquecer a tradi\u00e7\u00e3o das telenovelas brasileiras. A sa\u00edda de cena de um talento t\u00e3o proeminente encerra, sem d\u00favida, uma era, mas tamb\u00e9m abre espa\u00e7o para que novos e veteranos talentos brilhem nas telas.              <\/p>\n<\/div>\n<p><br \/>\n<br \/><a href=\"https:\/\/diariodobrasilnoticias.com.br\/noticia\/ex-ator-revela-motivo-surpreendente-para-nao-retornar-a-globo-678e3ba4d44d9\">Source link <\/a><\/p>","protected":false},"excerpt":{"rendered":"<p>Jos\u00e9 Mayer, renomado ator brasileiro, optou por recusar um convite de Aguinaldo Silva para uma participa\u00e7\u00e3o especial na novela \u201cTr\u00eas Gra\u00e7as\u201d, marcando o retorno do escritor \u00e0 Rede Globo. A&hellip;<\/p>","protected":false},"author":1,"featured_media":93788,"comment_status":"closed","ping_status":"open","sticky":false,"template":"","format":"standard","meta":{"content-type":"","footnotes":""},"categories":[16],"tags":[123,2448,5313,1267],"class_list":["post-93787","post","type-post","status-publish","format-standard","has-post-thumbnail","hentry","category-noticias","tag-brasil","tag-diario","tag-noticia","tag-noticias"],"_links":{"self":[{"href":"https:\/\/tvbrazilusa.com\/pt\/wp-json\/wp\/v2\/posts\/93787","targetHints":{"allow":["GET"]}}],"collection":[{"href":"https:\/\/tvbrazilusa.com\/pt\/wp-json\/wp\/v2\/posts"}],"about":[{"href":"https:\/\/tvbrazilusa.com\/pt\/wp-json\/wp\/v2\/types\/post"}],"author":[{"embeddable":true,"href":"https:\/\/tvbrazilusa.com\/pt\/wp-json\/wp\/v2\/users\/1"}],"replies":[{"embeddable":true,"href":"https:\/\/tvbrazilusa.com\/pt\/wp-json\/wp\/v2\/comments?post=93787"}],"version-history":[{"count":1,"href":"https:\/\/tvbrazilusa.com\/pt\/wp-json\/wp\/v2\/posts\/93787\/revisions"}],"predecessor-version":[{"id":93789,"href":"https:\/\/tvbrazilusa.com\/pt\/wp-json\/wp\/v2\/posts\/93787\/revisions\/93789"}],"wp:featuredmedia":[{"embeddable":true,"href":"https:\/\/tvbrazilusa.com\/pt\/wp-json\/wp\/v2\/media\/93788"}],"wp:attachment":[{"href":"https:\/\/tvbrazilusa.com\/pt\/wp-json\/wp\/v2\/media?parent=93787"}],"wp:term":[{"taxonomy":"category","embeddable":true,"href":"https:\/\/tvbrazilusa.com\/pt\/wp-json\/wp\/v2\/categories?post=93787"},{"taxonomy":"post_tag","embeddable":true,"href":"https:\/\/tvbrazilusa.com\/pt\/wp-json\/wp\/v2\/tags?post=93787"}],"curies":[{"name":"wp","href":"https:\/\/api.w.org\/{rel}","templated":true}]}}