{"id":93790,"date":"2025-01-20T13:03:57","date_gmt":"2025-01-20T13:03:57","guid":{"rendered":"https:\/\/tvbrazilusa.com\/2025\/01\/20\/michelle-e-eduardo-bolsonaro-se-reunem-com-milei-antes-da-posse-de-trump\/"},"modified":"2025-01-20T13:03:58","modified_gmt":"2025-01-20T13:03:58","slug":"michelle-e-eduardo-bolsonaro-se-reunem-com-milei-antes-da-posse-de-trump","status":"publish","type":"post","link":"https:\/\/tvbrazilusa.com\/pt\/2025\/01\/20\/michelle-e-eduardo-bolsonaro-se-reunem-com-milei-antes-da-posse-de-trump\/","title":{"rendered":"Michelle e Eduardo Bolsonaro se re\u00fanem com Milei antes da posse de Trump"},"content":{"rendered":"<p> <script async src=\"https:\/\/pagead2.googlesyndication.com\/pagead\/js\/adsbygoogle.js?client=ca-pub-8864793242727901\"\r\n     crossorigin=\"anonymous\"><\/script><br \/>\n<\/p>\n<div id=\"taboola-read-more\" style=\"display:block; width:100%\">\n<p>O deputado federal Eduardo Bolsonaro (PL-SP) mostrou, nas redes sociais neste domingo (19), o encontro entre ele, o presidente argentino Javier Milei, a ex-primeira-dama do Brasil, Michelle Bolsonaro e a irm\u00e3 de Milei, a Secret\u00e1ria-Geral Karina Milei.\n<\/p>\n<p>\u201cPessoas que est\u00e3o com uma moral tremenda aqui nos EUA e, certamente, junto com Trump, eles poder\u00e3o fazer realiza\u00e7\u00f5es incr\u00edveis para argentinos e americanos\u201d, escreveu o parlamentar no registro da conversa.<\/p>\n<p>\u00a0<\/p>\n<div class=\"custom__ad__element\" data-google-query-id=\"CPfTmY2WhIsDFc1V3QIdzCcSQw\">Eduardo Bolsonaro est\u00e1 nos Estados Unidos para acompanhar a posse do presidente eleito dos Estados Unidos, Donald Trump, prevista para acontecer nesta segunda-feira (20), em Washington.<\/p>\n<p>Michelle Bolsonaro embarcou para os EUA no \u00faltimo s\u00e1bado (18) e representar\u00e1 Bolsonaro na cerim\u00f4nia. O ex-presidente est\u00e1 impedido de viajar por conta do passaporte. Nesta semana, o ministro do Supremo Tribunal Federal, Alexandre de Moraes, negou, mais uma vez, devolver o documento.<\/p>\n<\/div>\n<p>\u00a0<\/p>\n<div class=\"custom__ad__element\" data-google-query-id=\"CPfTmY2WhIsDFc1V3QIdzCcSQw\">Para embasar a decis\u00e3o, Moraes afirma que h\u00e1 risco de fuga do presidente.<\/p>\n<p>Esta foi a quarta vez que Jair Bolsonaro pediu, para o Supremo Tribunal Federal, a devolu\u00e7\u00e3o do passaporte dele.<\/p>\n<p>A primeira ocorreu logo ap\u00f3s o documento ter sido apreendido pela Pol\u00edcia Federal, em fevereiro de 2024. A segunda foi em outubro do ano passado, ap\u00f3s a defesa solicitar que Bolsonaro pudesse realizar uma visita \u00e0 Israel, onde visitaria o presidente Benjamin Netanyahu. A pen\u00faltima e terceira vez foi a partir de um recurso, apresentado tamb\u00e9m em outubro.<\/p>\n<\/div>\n<p>\u00a0<\/p>\n<p>Fonte: CNN Brasil<\/p>\n<\/p><\/div>\n<p><br \/>\n<br \/><a href=\"https:\/\/diariodobrasilnoticias.com.br\/noticia\/michelle-e-eduardo-bolsonaro-se-reunem-com-milei-antes-da-posse-de-trump-678e30d5c97da\">Source link <\/a><\/p>","protected":false},"excerpt":{"rendered":"<p>O deputado federal Eduardo Bolsonaro (PL-SP) mostrou, nas redes sociais neste domingo (19), o encontro entre ele, o presidente argentino Javier Milei, a ex-primeira-dama do Brasil, Michelle Bolsonaro e a&hellip;<\/p>","protected":false},"author":1,"featured_media":93791,"comment_status":"closed","ping_status":"open","sticky":false,"template":"","format":"standard","meta":{"content-type":"","footnotes":""},"categories":[16],"tags":[123,2448,5313,1267],"class_list":["post-93790","post","type-post","status-publish","format-standard","has-post-thumbnail","hentry","category-noticias","tag-brasil","tag-diario","tag-noticia","tag-noticias"],"_links":{"self":[{"href":"https:\/\/tvbrazilusa.com\/pt\/wp-json\/wp\/v2\/posts\/93790","targetHints":{"allow":["GET"]}}],"collection":[{"href":"https:\/\/tvbrazilusa.com\/pt\/wp-json\/wp\/v2\/posts"}],"about":[{"href":"https:\/\/tvbrazilusa.com\/pt\/wp-json\/wp\/v2\/types\/post"}],"author":[{"embeddable":true,"href":"https:\/\/tvbrazilusa.com\/pt\/wp-json\/wp\/v2\/users\/1"}],"replies":[{"embeddable":true,"href":"https:\/\/tvbrazilusa.com\/pt\/wp-json\/wp\/v2\/comments?post=93790"}],"version-history":[{"count":1,"href":"https:\/\/tvbrazilusa.com\/pt\/wp-json\/wp\/v2\/posts\/93790\/revisions"}],"predecessor-version":[{"id":93792,"href":"https:\/\/tvbrazilusa.com\/pt\/wp-json\/wp\/v2\/posts\/93790\/revisions\/93792"}],"wp:featuredmedia":[{"embeddable":true,"href":"https:\/\/tvbrazilusa.com\/pt\/wp-json\/wp\/v2\/media\/93791"}],"wp:attachment":[{"href":"https:\/\/tvbrazilusa.com\/pt\/wp-json\/wp\/v2\/media?parent=93790"}],"wp:term":[{"taxonomy":"category","embeddable":true,"href":"https:\/\/tvbrazilusa.com\/pt\/wp-json\/wp\/v2\/categories?post=93790"},{"taxonomy":"post_tag","embeddable":true,"href":"https:\/\/tvbrazilusa.com\/pt\/wp-json\/wp\/v2\/tags?post=93790"}],"curies":[{"name":"wp","href":"https:\/\/api.w.org\/{rel}","templated":true}]}}