{"id":93793,"date":"2025-01-20T13:16:33","date_gmt":"2025-01-20T13:16:33","guid":{"rendered":"https:\/\/tvbrazilusa.com\/2025\/01\/20\/motorista-se-revolta-e-arrasta-hilux-apos-ser-fechado-em-sua-propria-garagem-veja-video\/"},"modified":"2025-01-20T13:16:34","modified_gmt":"2025-01-20T13:16:34","slug":"motorista-se-revolta-e-arrasta-hilux-apos-ser-fechado-em-sua-propria-garagem-veja-video","status":"publish","type":"post","link":"https:\/\/tvbrazilusa.com\/pt\/2025\/01\/20\/motorista-se-revolta-e-arrasta-hilux-apos-ser-fechado-em-sua-propria-garagem-veja-video\/","title":{"rendered":"Motorista se revolta e arrasta Hilux ap\u00f3s ser fechado em sua pr\u00f3pria garagem; VEJA V\u00cdDEO"},"content":{"rendered":"<p> <script async src=\"https:\/\/pagead2.googlesyndication.com\/pagead\/js\/adsbygoogle.js?client=ca-pub-8864793242727901\"\r\n     crossorigin=\"anonymous\"><\/script><br \/>\n<br \/>Motorista se revolta e arrasta Hilux ap\u00f3s ser fechado em sua pr\u00f3pria garagem; VEJA V\u00cdDEO<br \/>\n<br \/><br \/>\n<br \/><a href=\"https:\/\/diariodobrasilnoticias.com.br\/noticia\/motorista-se-revolta-e-arrasta-hilux-apos-ser-fechado-em-sua-propria-garagem-veja-video-678e301522087\">Source link <\/a><\/p>","protected":false},"excerpt":{"rendered":"<p>Motorista se revolta e arrasta Hilux ap\u00f3s ser fechado em sua pr\u00f3pria garagem; VEJA V\u00cdDEO Source link<\/p>","protected":false},"author":1,"featured_media":93794,"comment_status":"closed","ping_status":"open","sticky":false,"template":"","format":"standard","meta":{"content-type":"","footnotes":""},"categories":[16],"tags":[123,2448,5313,1267],"class_list":["post-93793","post","type-post","status-publish","format-standard","has-post-thumbnail","hentry","category-noticias","tag-brasil","tag-diario","tag-noticia","tag-noticias"],"_links":{"self":[{"href":"https:\/\/tvbrazilusa.com\/pt\/wp-json\/wp\/v2\/posts\/93793","targetHints":{"allow":["GET"]}}],"collection":[{"href":"https:\/\/tvbrazilusa.com\/pt\/wp-json\/wp\/v2\/posts"}],"about":[{"href":"https:\/\/tvbrazilusa.com\/pt\/wp-json\/wp\/v2\/types\/post"}],"author":[{"embeddable":true,"href":"https:\/\/tvbrazilusa.com\/pt\/wp-json\/wp\/v2\/users\/1"}],"replies":[{"embeddable":true,"href":"https:\/\/tvbrazilusa.com\/pt\/wp-json\/wp\/v2\/comments?post=93793"}],"version-history":[{"count":1,"href":"https:\/\/tvbrazilusa.com\/pt\/wp-json\/wp\/v2\/posts\/93793\/revisions"}],"predecessor-version":[{"id":93795,"href":"https:\/\/tvbrazilusa.com\/pt\/wp-json\/wp\/v2\/posts\/93793\/revisions\/93795"}],"wp:featuredmedia":[{"embeddable":true,"href":"https:\/\/tvbrazilusa.com\/pt\/wp-json\/wp\/v2\/media\/93794"}],"wp:attachment":[{"href":"https:\/\/tvbrazilusa.com\/pt\/wp-json\/wp\/v2\/media?parent=93793"}],"wp:term":[{"taxonomy":"category","embeddable":true,"href":"https:\/\/tvbrazilusa.com\/pt\/wp-json\/wp\/v2\/categories?post=93793"},{"taxonomy":"post_tag","embeddable":true,"href":"https:\/\/tvbrazilusa.com\/pt\/wp-json\/wp\/v2\/tags?post=93793"}],"curies":[{"name":"wp","href":"https:\/\/api.w.org\/{rel}","templated":true}]}}