{"id":93801,"date":"2025-01-20T13:34:53","date_gmt":"2025-01-20T13:34:53","guid":{"rendered":"https:\/\/tvbrazilusa.com\/2025\/01\/20\/ministra-das-mulheres-de-lula-e-alvo-de-denuncia-por-assedio-e-racismo\/"},"modified":"2025-01-20T13:34:55","modified_gmt":"2025-01-20T13:34:55","slug":"ministra-das-mulheres-de-lula-e-alvo-de-denuncia-por-assedio-e-racismo","status":"publish","type":"post","link":"https:\/\/tvbrazilusa.com\/pt\/2025\/01\/20\/ministra-das-mulheres-de-lula-e-alvo-de-denuncia-por-assedio-e-racismo\/","title":{"rendered":"Ministra das Mulheres de Lula \u00e9 alvo de den\u00fancia por ass\u00e9dio e racismo"},"content":{"rendered":"<p> <script async src=\"https:\/\/pagead2.googlesyndication.com\/pagead\/js\/adsbygoogle.js?client=ca-pub-8864793242727901\"\r\n     crossorigin=\"anonymous\"><\/script><br \/>\n<\/p>\n<div id=\"taboola-read-more\" style=\"display:block; width:100%\">\n<p>A ministra das Mulheres, Cida Gon\u00e7alves, foi alvo de den\u00fancias formais de ex-servidoras de sua equipe. Ela \u00e9 acusada de suposta pr\u00e1tica de ass\u00e9dio moral e xenofobia no Minist\u00e9rio. A reportagem \u00e9 do jornal O Estado de S.Paulo.\n<\/p>\n<p>Segundo o jornal, os relatos foram enviados para apura\u00e7\u00e3o de dois \u00f3rg\u00e3os federais: a Controladoria-Geral da Uni\u00e3o (CGU) e a Comiss\u00e3o de \u00c9tica P\u00fablica (CEP) da Presid\u00eancia da Rep\u00fablica.<\/p>\n<p>O Estad\u00e3o teve acesso ao conte\u00fado de cinco den\u00fancias formais, inclusive dossi\u00eas escritos e tr\u00eas grava\u00e7\u00f5es de reuni\u00f5es internas feitas pelas denunciantes e entregues \u00e0 CGU e \u00e0 Comiss\u00e3o de \u00c9tica.\n<\/p>\n<p>Al\u00e9m da ministra, foram apresentadas acusa\u00e7\u00f5es contra a secret\u00e1ria-executiva do minist\u00e9rio, Maria Helena Guarezi, a corregedora interna, Dyleny Teixeira Alves da Silva, e a ex-diretora de Articula\u00e7\u00e3o Institucional Carla Ramos.\n<\/p>\n<p>Os relatos envolvem amea\u00e7as de demiss\u00e3o a servidoras, cobran\u00e7a de trabalho em prazo ex\u00edguo, tratamento hostil, manifesta\u00e7\u00f5es de preconceito e gritos. As condutas podem configurar ass\u00e9dio moral.\n<\/p>\n<p>Cida e Maria Helena s\u00e3o pr\u00f3ximas e t\u00eam apoio pol\u00edtico da primeira-dama Ros\u00e2ngela da Silva, a Janja. O assunto vem sendo tratado com discri\u00e7\u00e3o no governo de Luiz In\u00e1cio Lula da Silva (PT). A ministra continua no cargo e n\u00e3o fez mudan\u00e7as na equipe.\n<\/p>\n<p>De acordo com relato das ex-servidoras, Maria Helena Guarezi, segunda na hierarquia do minist\u00e9rio, teria cometido racismo em uma reuni\u00e3o. J\u00e1 Carla Ramos \u00e9 acusada de gritar com subordinadas. A corregedora Dyleny da Silva, na avalia\u00e7\u00e3o das denunciantes, teria se omitido na apura\u00e7\u00e3o das acusa\u00e7\u00f5es de ass\u00e9dio.\n<\/p>\n<p>Procurada pelo Estad\u00e3o, a CGU disse que a acusa\u00e7\u00e3o \u00e0 ministra, que veio acompanhada de grava\u00e7\u00f5es, foi remetida \u00e0 Comiss\u00e3o de \u00c9tica e que arquivou den\u00fancias contra as demais servidoras por falta de \u201celementos que indicassem poss\u00edveis infra\u00e7\u00f5es disciplinares\u201d. O Minist\u00e9rio das Mulheres afirmou que as queixas n\u00e3o possuem \u201celementos concretos\u201d.\n<\/p>\n<p>O caso de Cida Gon\u00e7alves \u00e9 o segundo de um ministro denunciado por ass\u00e9dio no governo Lula nos \u00faltimos meses. O primeiro foi ent\u00e3o ministro dos Direitos Humanos, Silvio Almeida, acusado de ass\u00e9dio moral e sexual. Ele foi demitido do cargo depois de vir a p\u00fablico a informa\u00e7\u00e3o de que ele teria abusado de uma colega de Esplanada, a ministra da Igualdade Racial, Anielle Franco. Ela confirmou, embora ele negue.\n<\/p>\n<p>As denunciantes dizem que as hostilidades come\u00e7aram a partir de um desentendimento entre a ministra e a ent\u00e3o secret\u00e1ria nacional de Articula\u00e7\u00e3o Institucional, A\u00e7\u00f5es Tem\u00e1ticas e Participa\u00e7\u00e3o Pol\u00edtica, Carmem Foro.\n<\/p>\n<p>Sindicalista do Par\u00e1 e petista, Carmem n\u00e3o foi uma escolha da cota pessoal da ministra. Indica\u00e7\u00e3o partid\u00e1ria do PT, chegou ao posto com suporte pol\u00edtico da Central \u00danica dos Trabalhadores (CUT) e da Confedera\u00e7\u00e3o Nacional dos Trabalhadores na Agricultura (Contag).\n<\/p>\n<p>Carmen Foro foi exonerada no dia 9 de agosto do ano passado. Tr\u00eas dias depois, a ministra convocou uma reuni\u00e3o com os cerca de 30 servidores da \u00e1rea. As denunciantes, que estavam nesse encontro, relatam ter ouvido frases da ministra que foram entendidas como amea\u00e7a.\n<\/p>\n<p>Logo no in\u00edcio, a ministra justificou que a ex-secret\u00e1ria Carmen Foro, embora reconhecida lideran\u00e7a social, n\u00e3o era \u201cboa gestora\u201d e que atuava mais como \u201ccandidata\u201d no Par\u00e1, com vi\u00e9s local, do que como \u201csecret\u00e1ria nacional\u201d. E afirmou que no seu minist\u00e9rio a hierarquia tinha que ser respeitada.\n<\/p>\n<p>\u201cA gente n\u00e3o est\u00e1 no movimento social\u201d, disse Cida, na grava\u00e7\u00e3o. \u201cAt\u00e9 no movimento social tem hierarquia. E n\u00f3s estamos no Minist\u00e9rio das Mulheres. Aqui tem hierarquia. Eu n\u00e3o posso afrontar o presidente, e nenhuma secret\u00e1ria pode me afrontar. Pode discordar, \u00e9 diferente. E se voc\u00eas acham que eu n\u00e3o sei o que aconteceu nos corredores, eu sei. Cara, eu sei tudo.\u201d\n<\/p>\n<p><strong>Ministra amea\u00e7ou demitir servidoras<\/strong><br \/>De forma velada, a ministra amea\u00e7ou demitir os integrantes da equipe da ex-secret\u00e1ria. \u201cPode ser que boa parte de voc\u00eas [servidoras] tamb\u00e9m podem sair ou n\u00e3o\u201d, afirmou Cida Gon\u00e7alves. \u201cA princ\u00edpio, eu tinha dito para a Carmen que quem \u00e9 dela, que veio com ela, tinha que ir.\u201d\n<\/p>\n<p>Na reuni\u00e3o, a ministra reclamou que o minist\u00e9rio passava por dificuldades pol\u00edticas e que era cobrada no Congresso e no Pal\u00e1cio do Planalto. Disse ainda havia perdido or\u00e7amento.\n<\/p>\n<p>Na conversa, a ministra afirmou que seria \u201cmais dif\u00edcil\u201d selecionar algu\u00e9m, porque havia estabelecido como crit\u00e9rio recrutar \u201cuma mulher negra, do Norte ou do Nordeste\u201d, com vi\u00e9s \u201cfeminista\u201d e bom tr\u00e2nsito pol\u00edtico com movimentos de mulheres e partidos pol\u00edticos.\n<\/p>\n<p>Segundo o Estad\u00e3o, essa fala tamb\u00e9m gerou inc\u00f4modo na equipe, sobretudo com as servidoras da regi\u00e3o Norte. Carmen Foro seria substitu\u00edda, um m\u00eas depois, pela ex-senadora F\u00e1tima Cilede (PT), de Rond\u00f4nia.\n<\/p>\n<p>Depois da sa\u00edda de Carmen Foro, as ex-servidoras relataram que vivenciaram ainda mais epis\u00f3dios rotineiros de \u201cisolamento pol\u00edtico\u201d, em que n\u00e3o conseguiam despachar com a ministra, mas eram cobradas por resultados e entregas com prazos urgentes, que afetariam a sa\u00fade e o bem-estar da equipe.\n<\/p>\n<p>Segundo as denunciantes, era comum que a ministra cobrasse pelo andamento de processos que j\u00e1 haviam sido enviados a seu gabinete, sem retorno.\n<\/p>\n<p>\u201cEu sei que todo mundo diz que sou uma ministra de gabinete, que ningu\u00e9m tem acesso, mas \u00e9 uma mentira\u201d, rebateu Cida, no encontro. \u201cA pessoa mais f\u00e1cil sou eu. Agora, \u00e9 verdade que minha agenda \u00e9 um inferno.\u201d\n<\/p>\n<p>A ministra insistiu no respeito \u00e0 hierarquia e disse que as secretarias funcionam como \u201cmini minist\u00e9rios\u201d, sem prestar contas a ela e que, muitas vezes, as secret\u00e1rias ficavam \u201cbravas\u201d, se cobradas. Ela falou na necessidade de novas regras de conduta e que \u201ccobraria mais\u201d do que vinha cobrando e que a futura secret\u00e1ria faria uma reformula\u00e7\u00e3o.\n<\/p>\n<p>\u201cEnquanto eu estiver ministra, na minha sala, enquanto estiver no meu cargo, estiver aqui dentro tenho autoridade de ministra, tenho que ser respeitada nessas condi\u00e7\u00f5es\u201d, disse a ministra. \u201cAt\u00e9 o Lula me demitir, \u00e9 essa a condi\u00e7\u00e3o que eu estava. Estou falando tudo isso para a gente come\u00e7ar a reorganizar nossa vida a partir de agora. Eu vou cobrar mais do que tenho cobrado, vou exigir mais do que tenho exigido.\u201d\n<\/p>\n<p>\u201cPassei um ano deixando nas m\u00e3os das secret\u00e1rias\u201d, acrescentou. \u201cEu vou precisar me meter mais. E se for preciso sair na carne, vai sair qualquer uma. J\u00e1 disse isso mesmo para todas elas. At\u00e9 dia 31 de dezembro de 2026, esse mist\u00e9rio vai fazer entregas e quem vai estar nele para fazer as entregas depende de quem tem condi\u00e7\u00f5es pol\u00edticas, vontade pol\u00edtica para fazer as entregas junto conosco.\u201d\n<\/p>\n<p><strong>Cabelo crespo e sobreviv\u00eancia no Par\u00e1<\/strong><br \/>Os denunciantes relatam o que seria uma manifesta\u00e7\u00e3o de racismo dentro do Minist\u00e9rio da Mulher. Em abril de 2024, durante uma reuni\u00e3o da equipe na Escola Nacional de Administra\u00e7\u00e3o P\u00fablica (Enap), Carmen Foro teria sido chamada a aten\u00e7\u00e3o, ao se levantar, pela secret\u00e1ria-executiva Maria Helena Guarezi, amiga pessoal da primeira-dama Janja.\n<\/p>\n<p>Segundo o relato, Maria Helena teria comentado de forma \u201cdepreciativa\u201d que Carmen Foro deveria permanecer sentada porque \u201cseu cabelo estava atrapalhando a vis\u00e3o\u201d. Carmen Foro, que tem cabelo crespo, queixou-se a antigas colaboradoras que teria se sentido humilhada com o epis\u00f3dio.\n<\/p>\n<p>A den\u00fancia acessada pelo Estad\u00e3o narra que ela levou o caso, posteriormente, ao conhecimento da ministra, que, por sua vez, teria ignorado o relato. Cida n\u00e3o respondeu se soube deste epis\u00f3dio, tampouco se tomou provid\u00eancias. Tamb\u00e9m n\u00e3o houve resposta sobre a declara\u00e7\u00e3o atribu\u00edda a n\u00famero dois do minist\u00e9rio.\n<\/p>\n<p>A mais recente den\u00fancia incluiu como alvo a corregedora do minist\u00e9rio, Dyleny Alves. Ela fora procurada por servidoras relatando os casos de ass\u00e9dio e amea\u00e7as. Algumas dessas conversas tamb\u00e9m foram gravadas pelas denunciantes. Ela afirmou que n\u00e3o poderia atuar num caso envolvendo a ministra, que possui foro privilegiado, mas admitiu ter acionado o gabinete dela ao ter ci\u00eancia do assunto, por entender que era uma situa\u00e7\u00e3o grave.\n<\/p>\n<p>Ela disse que havia sido alertada por queixa de outra servidora e que teve uma \u201cpreocupa\u00e7\u00e3o\u201d central em rela\u00e7\u00e3o \u201c\u00e0s mo\u00e7as do Par\u00e1\u201d \u2013 que poderia configurar xenofobia \u2013 e, por isso, decidiu conversar com a ministra para saber qual seria o destino delas. \u201cNada impede que haja uma conversa com a autoridade maior para ver o que est\u00e1 acontecendo\u201d, disse a corregedora.\n<\/p>\n<p>Em grava\u00e7\u00f5es a que o Estad\u00e3o teve acesso, a corregedora afirma ter encontrado no Minist\u00e9rio das Mulheres \u201cuma forma diferente de tratamento\u201d entre a equipe. Ela cita \u201cdesuni\u00e3o\u201d e \u201cmal-estar\u201d para descrever a situa\u00e7\u00e3o de \u201cconflito\u201d entre as servidoras e afirma que os problemas de conduta e relacionamento eram muito s\u00e9rios. Ela prop\u00f5e buscar antes de tudo uma concilia\u00e7\u00e3o.\n<\/p>\n<p>As denunciantes disseram \u00e0 CGU ter se sentido expostas e desencorajadas pela corregedora a dar continuidade \u00e0 reclama\u00e7\u00e3o contra a ministra. Segundo elas, a corregedora \u201cnaturalizou\u201d pr\u00e1ticas suspeitas de ass\u00e9dio (Dyleny afirmou ver problemas de \u201cgest\u00e3o\u201d) e n\u00e3o recebeu aval para relatar as queixas delas em privado com o gabinete da ministra, depois de tomar ci\u00eancia das reclama\u00e7\u00f5es.\n<\/p>\n<p>As cinco den\u00fancias obtidas pelo Estad\u00e3o estavam sendo processadas na inst\u00e2ncia \u00e9tica da Presid\u00eancia na segunda quinzena de novembro. Tamb\u00e9m foram encaminhadas para avalia\u00e7\u00e3o da Corregedoria-Geral da Uni\u00e3o, \u00f3rg\u00e3o da pr\u00f3pria CGU, por causa da \u201cgravidade dos fatos\u201d narrados, atesta um documento.\n<\/p>\n<p><strong>Outro lado<\/strong><br \/>O Estad\u00e3o questionou o Minist\u00e9rio das Mulheres sobre o teor das acusa\u00e7\u00f5es e declara\u00e7\u00f5es gravadas da ministra e integrantes da equipe. O minist\u00e9rio enviou uma resposta oficial geral do caso, sem abordar os epis\u00f3dios espec\u00edficos citados sem manifesta\u00e7\u00e3o da ministra e das integrantes da equipe. A pasta disse que as acusa\u00e7\u00f5es s\u00e3o an\u00f4nimas e carecem de \u201celementos concretos\u201d.\n<\/p>\n<p>\u201cO Minist\u00e9rio das Mulheres informa que nenhuma das acusa\u00e7\u00f5es mencionadas foi registrada formalmente nos canais de den\u00fancia das corregedorias do \u00f3rg\u00e3o ou da Controladoria-Geral da Uni\u00e3o\u201d, disse a assessoria de comunica\u00e7\u00e3o da pasta. \u201cInforma ainda que tais acusa\u00e7\u00f5es n\u00e3o s\u00e3o novas, j\u00e1 tendo sido objeto de mat\u00e9ria em outro portal jornal\u00edstico anteriormente, tamb\u00e9m sob anonimato e sem elementos concretos.\u201d\n<\/p>\n<p>\u201cVale mencionar, contudo, que, depois da mat\u00e9ria anteriormente veiculada, foi aberto procedimento de averigua\u00e7\u00e3o pela Controladoria-Geral da Uni\u00e3o, j\u00e1 arquivado ante a \u2018aus\u00eancia de ind\u00edcios de materialidade que justifiquem o prosseguimento de eventual apura\u00e7\u00e3o\u2019\u201d, acrescentou.\n<\/p>\n<p>A CGU, por\u00e9m, confirmou ao Estad\u00e3o ter recebido den\u00fancias em seus canais \u2013 parte das quais a reportagem teve acesso. A Controladoria havia aberto um procedimento de of\u00edcio, depois de o site Alma Preta, ligado ao movimento negro, veicular em outubro o conte\u00fado da grava\u00e7\u00e3o da reuni\u00e3o de Cida e noticiar ter ouvido 17 pessoas que confirmariam epis\u00f3dios suspeitos de ass\u00e9dio e racismo no minist\u00e9rio, entre os quais a acusa\u00e7\u00e3o contra a secret\u00e1ria Maria Helena.\n<\/p>\n<p>As den\u00fancias obtidas pelo Estad\u00e3o foram formalmente registradas na CGU somente depois da not\u00edcia do portal Alma Preta. Elas cont\u00eam mais queixas e novas personagens. N\u00e3o foram formalizadas na Corregedoria interna do minist\u00e9rio, cuja chefe tamb\u00e9m teve a conduta questionada pelas denunciantes.\n<\/p>\n<p>Ao jornal, a CGU afirmou que sua Corregedoria \u201canalisou den\u00fancias de supostos casos de ass\u00e9dio moral e omiss\u00e3o diante de situa\u00e7\u00f5es de racismo\u201d. Um expediente com acusa\u00e7\u00f5es contra a ministra Cida Gon\u00e7alves foi despachado \u00e0 Comiss\u00e3o de \u00c9tica P\u00fablica (CEP) da Presid\u00eancia da Rep\u00fablica, que \u00e9 o \u00f3rg\u00e3o com compet\u00eancia para atuar no caso, segundo a CGU.\n<\/p>\n<p>A Casa Civil da Presid\u00eancia, por sua vez, informou que \u201cos processos na Comiss\u00e3o de \u00c9tica P\u00fablica tramitam em sigilo at\u00e9 o julgamento final\u201d e que n\u00e3o poderia compartilhar informa\u00e7\u00f5es ou confirmar a exist\u00eancia da apura\u00e7\u00e3o.\n<\/p>\n<p>No caso das demais agentes comissionadas, disse a CGU, as den\u00fancias \u201cn\u00e3o apresentaram elementos suficientes que indicassem poss\u00edveis infra\u00e7\u00f5es disciplinares\u201d e, por isso, \u201cos autos foram arquivados por aus\u00eancia de materialidade\u201d. Segundo a Controladoria, a decis\u00e3o de arquivar abrange a apura\u00e7\u00e3o aberta por conta pr\u00f3pria e tamb\u00e9m aquelas recebidas por canais digitais.<\/p>\n<p>Fonte: Revista Oeste              <\/p>\n<\/div>\n<p><br \/>\n<br \/><a href=\"https:\/\/diariodobrasilnoticias.com.br\/noticia\/ministra-das-mulheres-de-lula-e-alvo-de-denuncia-por-assedio-e-racismo-678e394d843bf\">Source link <\/a><\/p>","protected":false},"excerpt":{"rendered":"<p>A ministra das Mulheres, Cida Gon\u00e7alves, foi alvo de den\u00fancias formais de ex-servidoras de sua equipe. Ela \u00e9 acusada de suposta pr\u00e1tica de ass\u00e9dio moral e xenofobia no Minist\u00e9rio. A&hellip;<\/p>","protected":false},"author":1,"featured_media":93802,"comment_status":"closed","ping_status":"open","sticky":false,"template":"","format":"standard","meta":{"content-type":"","footnotes":""},"categories":[16],"tags":[123,2448,5313,1267],"class_list":["post-93801","post","type-post","status-publish","format-standard","has-post-thumbnail","hentry","category-noticias","tag-brasil","tag-diario","tag-noticia","tag-noticias"],"_links":{"self":[{"href":"https:\/\/tvbrazilusa.com\/pt\/wp-json\/wp\/v2\/posts\/93801","targetHints":{"allow":["GET"]}}],"collection":[{"href":"https:\/\/tvbrazilusa.com\/pt\/wp-json\/wp\/v2\/posts"}],"about":[{"href":"https:\/\/tvbrazilusa.com\/pt\/wp-json\/wp\/v2\/types\/post"}],"author":[{"embeddable":true,"href":"https:\/\/tvbrazilusa.com\/pt\/wp-json\/wp\/v2\/users\/1"}],"replies":[{"embeddable":true,"href":"https:\/\/tvbrazilusa.com\/pt\/wp-json\/wp\/v2\/comments?post=93801"}],"version-history":[{"count":1,"href":"https:\/\/tvbrazilusa.com\/pt\/wp-json\/wp\/v2\/posts\/93801\/revisions"}],"predecessor-version":[{"id":93803,"href":"https:\/\/tvbrazilusa.com\/pt\/wp-json\/wp\/v2\/posts\/93801\/revisions\/93803"}],"wp:featuredmedia":[{"embeddable":true,"href":"https:\/\/tvbrazilusa.com\/pt\/wp-json\/wp\/v2\/media\/93802"}],"wp:attachment":[{"href":"https:\/\/tvbrazilusa.com\/pt\/wp-json\/wp\/v2\/media?parent=93801"}],"wp:term":[{"taxonomy":"category","embeddable":true,"href":"https:\/\/tvbrazilusa.com\/pt\/wp-json\/wp\/v2\/categories?post=93801"},{"taxonomy":"post_tag","embeddable":true,"href":"https:\/\/tvbrazilusa.com\/pt\/wp-json\/wp\/v2\/tags?post=93801"}],"curies":[{"name":"wp","href":"https:\/\/api.w.org\/{rel}","templated":true}]}}