{"id":93811,"date":"2025-01-20T13:58:37","date_gmt":"2025-01-20T13:58:37","guid":{"rendered":"https:\/\/tvbrazilusa.com\/2025\/01\/20\/sertanejo-e-detido-apos-bater-cabeca-da-namorada-na-parede-varias-vezes\/"},"modified":"2025-01-20T13:58:39","modified_gmt":"2025-01-20T13:58:39","slug":"sertanejo-e-detido-apos-bater-cabeca-da-namorada-na-parede-varias-vezes","status":"publish","type":"post","link":"https:\/\/tvbrazilusa.com\/pt\/2025\/01\/20\/sertanejo-e-detido-apos-bater-cabeca-da-namorada-na-parede-varias-vezes\/","title":{"rendered":"Sertanejo \u00e9 detido ap\u00f3s bater cabe\u00e7a da namorada na parede v\u00e1rias vezes"},"content":{"rendered":"<p> <script async src=\"https:\/\/pagead2.googlesyndication.com\/pagead\/js\/adsbygoogle.js?client=ca-pub-8864793242727901\"\r\n     crossorigin=\"anonymous\"><\/script><br \/>\n<\/p>\n<div id=\"taboola-read-more\" style=\"display:block; width:100%\">\n<p>Um cantor sertanejo teve a pris\u00e3o preventiva decretada em Goi\u00e1s, depois de ser preso em flagrante por agredir a namorada. O caso ocorreu na madrugada dessa quinta-feira (16\/1), em Santa Helena de Goi\u00e1s, cidade que fica a 210 quil\u00f4metros da capital Goi\u00e2nia. O cantor foi identificado como Jadson Rodrigues Tiburtino, mais conhecido como Jadson Gama, de 31 anos.\n<\/p>\n<p>\u00a0<\/p>\n<p><strong>O que aconteceu:<\/strong><\/p>\n<ul class=\"wp-block-list\">\n<li>Cantor sertanejo Jadson Gama, de 31 anos, foi\u00a0<strong>preso em flagrante em Santa Helena de Goi\u00e1s por agredir a namorada<\/strong>.<\/li>\n<li>Ele\u00a0<strong>bateu a cabe\u00e7a dela contra a parede v\u00e1rias vezes<\/strong>\u00a0e a v\u00edtima precisou ser levada a uma unidade de sa\u00fade.<\/li>\n<li>A<strong>\u00a0Justi\u00e7a determinou a pris\u00e3o preventiva e estabeleceu medidas protetivas<\/strong>\u00a0para evitar o contato futuro entre os dois.<\/li>\n<li>Na delegacia, a\u00a0<strong>mulher relatou hist\u00f3rico de agress\u00f5es recorrentes<\/strong>, com xingamentos, enforcamentos e pux\u00f5es de cabelo.<\/li>\n<\/ul>\n<p>Conforme o registro da ocorr\u00eancia, ao qual o Metr\u00f3poles teve acesso, o cantor bateu a cabe\u00e7a da mulher contra a parede v\u00e1rias vezes, durante uma discuss\u00e3o. A v\u00edtima acionou a Guarda Civil Municipal, que a levou at\u00e9 uma Unidade de Pronto-Atendimento (UPA), onde ela recebeu pontos no local do ferimento. E em seguida, ela foi encaminhada \u00e0 delegacia para formalizar a den\u00fancia.\n<\/p>\n<p>A discuss\u00e3o ocorreu na madrugada, por volta de 1h. O homem foi localizado e preso j\u00e1 durante \u00e0 tarde, \u00e0s 14h30. Ele foi encontrado em casa e teve a pris\u00e3o em flagrante decretada. Em audi\u00eancia de cust\u00f3dia, nessa sexta-feira (17\/1), a ju\u00edza determinou a pris\u00e3o preventiva e estabeleceu medidas protetivas para evitar o contato do cantor com a namorada, at\u00e9 mesmo por meio de mensagens eletr\u00f4nicas.\n<\/p>\n<p><strong>Agress\u00f5es recorrentes<\/strong>\n<\/p>\n<p>Em depoimento ao delegado Lu\u00eds Ant\u00f4nio de Jesus Santos, a mulher disse que estava em um relacionamento com o cantor havia seis meses e que era v\u00edtima recorrente de agress\u00f5es. Al\u00e9m de agredi-la fisicamente, com enforcamento e pux\u00f5es de cabelo, ele proferia ofensas, chamando-a de \u201cvagabunda\u201d, \u201cputa\u201d e afirmando \u201cvoc\u00ea n\u00e3o presta\u201d.\n<\/p>\n<p>Ela revelou, ainda, que as viol\u00eancias eram motivadas, geralmente, por ci\u00fame e, sempre que ela amea\u00e7ava chamar a pol\u00edcia, ele dizia que ela n\u00e3o teria coragem. Na quarta-feira (15\/1), a mulher passou o dia em um bar com amigas e o namorado agressor decidiu encontr\u00e1-la no local, transparecendo tranquilidade at\u00e9 chegar em casa.\n<\/p>\n<p>Assim que eles chegaram \u00e0 resid\u00eancia, no entanto, ele come\u00e7ou a xing\u00e1-la e, quando a v\u00edtima pediu que ele parasse, o cantor a empurrou contra a cama, a enforcou, puxou-a pelos cabelos e arremessou a cabe\u00e7a dela contra a parede por tr\u00eas vezes. Em seguida, com ela j\u00e1 ferida, ele teria dado tapas no rosto da mulher, enquanto ela implorava para que ele parasse com a agress\u00e3o.\n<\/p>\n<p>Jadson Gama chegou a retirar o celular das m\u00e3os da namorada, quando ela amea\u00e7ou chamar a pol\u00edcia. Na delegacia, a mulher expressou o medo pela pr\u00f3pria vida, diante do hist\u00f3rico agressivo do cantor, e representou criminalmente contra ele. O sertanejo est\u00e1 proibido de se aproximar a uma dist\u00e2ncia menor do que 300 metros da v\u00edtima e de manter qualquer contato com ela.\n<\/p>\n<p><em>Por Metr\u00f3poles<\/em>              <\/p>\n<\/div>\n<p><br \/>\n<br \/><a href=\"https:\/\/diariodobrasilnoticias.com.br\/noticia\/-sertanejo-e-detido-apos-bater-cabeca-da-namorada-na-parede-varias-vezes-678e52cd76cb6\">Source link <\/a><\/p>","protected":false},"excerpt":{"rendered":"<p>Um cantor sertanejo teve a pris\u00e3o preventiva decretada em Goi\u00e1s, depois de ser preso em flagrante por agredir a namorada. O caso ocorreu na madrugada dessa quinta-feira (16\/1), em Santa&hellip;<\/p>","protected":false},"author":1,"featured_media":93812,"comment_status":"closed","ping_status":"open","sticky":false,"template":"","format":"standard","meta":{"content-type":"","footnotes":""},"categories":[16],"tags":[123,2448,5313,1267],"class_list":["post-93811","post","type-post","status-publish","format-standard","has-post-thumbnail","hentry","category-noticias","tag-brasil","tag-diario","tag-noticia","tag-noticias"],"_links":{"self":[{"href":"https:\/\/tvbrazilusa.com\/pt\/wp-json\/wp\/v2\/posts\/93811","targetHints":{"allow":["GET"]}}],"collection":[{"href":"https:\/\/tvbrazilusa.com\/pt\/wp-json\/wp\/v2\/posts"}],"about":[{"href":"https:\/\/tvbrazilusa.com\/pt\/wp-json\/wp\/v2\/types\/post"}],"author":[{"embeddable":true,"href":"https:\/\/tvbrazilusa.com\/pt\/wp-json\/wp\/v2\/users\/1"}],"replies":[{"embeddable":true,"href":"https:\/\/tvbrazilusa.com\/pt\/wp-json\/wp\/v2\/comments?post=93811"}],"version-history":[{"count":1,"href":"https:\/\/tvbrazilusa.com\/pt\/wp-json\/wp\/v2\/posts\/93811\/revisions"}],"predecessor-version":[{"id":93813,"href":"https:\/\/tvbrazilusa.com\/pt\/wp-json\/wp\/v2\/posts\/93811\/revisions\/93813"}],"wp:featuredmedia":[{"embeddable":true,"href":"https:\/\/tvbrazilusa.com\/pt\/wp-json\/wp\/v2\/media\/93812"}],"wp:attachment":[{"href":"https:\/\/tvbrazilusa.com\/pt\/wp-json\/wp\/v2\/media?parent=93811"}],"wp:term":[{"taxonomy":"category","embeddable":true,"href":"https:\/\/tvbrazilusa.com\/pt\/wp-json\/wp\/v2\/categories?post=93811"},{"taxonomy":"post_tag","embeddable":true,"href":"https:\/\/tvbrazilusa.com\/pt\/wp-json\/wp\/v2\/tags?post=93811"}],"curies":[{"name":"wp","href":"https:\/\/api.w.org\/{rel}","templated":true}]}}