{"id":93814,"date":"2025-01-20T14:11:09","date_gmt":"2025-01-20T14:11:09","guid":{"rendered":"https:\/\/tvbrazilusa.com\/2025\/01\/20\/confira-qual-e-o-pais-com-a-melhor-qualidade-de-vida-do-mundo\/"},"modified":"2025-01-20T14:11:11","modified_gmt":"2025-01-20T14:11:11","slug":"confira-qual-e-o-pais-com-a-melhor-qualidade-de-vida-do-mundo","status":"publish","type":"post","link":"https:\/\/tvbrazilusa.com\/pt\/2025\/01\/20\/confira-qual-e-o-pais-com-a-melhor-qualidade-de-vida-do-mundo\/","title":{"rendered":"Confira qual \u00e9 o pa\u00eds com a melhor qualidade de vida do mundo"},"content":{"rendered":"<p> <script async src=\"https:\/\/pagead2.googlesyndication.com\/pagead\/js\/adsbygoogle.js?client=ca-pub-8864793242727901\"\r\n     crossorigin=\"anonymous\"><\/script><br \/>\n<\/p>\n<div>\n<figure class=\"post-image\">\n<\/figure>\n<p>            <span style=\"font-size: 12px\">Madrid &#8211; Cr\u00e9ditos: depositphotos.com \/ kasto<\/span><\/p>\n<p>            <!-- end metas --><br \/>\n            <!-- ADS --><\/p>\n<div id=\"taboola-read-more\" style=\"display:block; width:100%\">\n<p>Em um cen\u00e1rio global em constante transforma\u00e7\u00e3o, a avalia\u00e7\u00e3o da qualidade de vida, influ\u00eancia cultural e ambiente de neg\u00f3cios ganha cada vez mais relev\u00e2ncia. A edi\u00e7\u00e3o de 2024 do ranking global realizado pelo U.S. News &#038; World Report oferece uma an\u00e1lise detalhada da percep\u00e7\u00e3o de 89 pa\u00edses ao redor do mundo. Este estudo conta com a colabora\u00e7\u00e3o da Wharton School da Universidade da Pensilv\u00e2nia e \u00e9 baseado em feedback de um grande p\u00fablico, dando uma vis\u00e3o global das posi\u00e7\u00f5es internacionais desses pa\u00edses.\n<\/p>\n<p>Esse ranking n\u00e3o se limita a medir a popularidade, mas tamb\u00e9m avalia como a percep\u00e7\u00e3o internacional pode afetar \u00e1reas fundamentais como com\u00e9rcio, turismo e investimentos. Este impacto pode influenciar significativamente o Produto Interno Bruto de um pa\u00eds.<\/p>\n<p>Por Que a Su\u00ed\u00e7a Est\u00e1 no Topo?<br \/>Pela s\u00e9tima vez nos \u00faltimos nove anos, a Su\u00ed\u00e7a ocupa o primeiro lugar no ranking. Isso se deve principalmente \u00e0 sua estabilidade econ\u00f4mica e \u00e0 alt\u00edssima qualidade de vida que oferece aos seus habitantes. Al\u00e9m de ser um polo atraente para neg\u00f3cios e inova\u00e7\u00f5es, o pa\u00eds europeu tamb\u00e9m destaca-se por proporcionar um ambiente seguro e eficiente em v\u00e1rios setores.\n<\/p>\n<p>A Su\u00ed\u00e7a \u00e9 reconhecida por sua excelente infraestrutura nas \u00e1reas de sa\u00fade e educa\u00e7\u00e3o, o que contribui para uma atmosfera favor\u00e1vel ao desenvolvimento econ\u00f4mico e social. A combina\u00e7\u00e3o desses fatores faz dela um destino preferido por investidores.\n<\/p>\n<\/p><\/div>\n<p>                        <!-- Scripts para conteudo --><\/p>\n<p>            <!-- .\/Scripts para conteudo --><br \/>\n            <!-- .\/Mat\u00e9ria --><\/p>\n<div class=\"row mt-3\">\n<div class=\"col-sm-6\">\n                <!-- Whatsapp channel 3--><br \/>\n                <a href=\"https:\/\/chat.whatsapp.com\/B8Qy6Erx4kb6yTzj3kaDco\" target=\"_blank\"><br \/>\n                  <img decoding=\"async\" src=\"https:\/\/diariodobrasilnoticias.com.br\/assets-site\/images\/bot_whatsapp.png\"\/><\/a>\n              <\/div>\n<div class=\"col-sm-6\">\n                <a href=\"https:\/\/t.me\/+_4gTmi5LKo03OTM5\" target=\"_blank\"><br \/>\n                  <img decoding=\"async\" src=\"https:\/\/diariodobrasilnoticias.com.br\/assets-site\/images\/bot_telegram.png\"\/><\/a>\n              <\/div>\n<\/p><\/div>\n<p>            <!-- end post-navigation --><\/p>\n<p>              <!-- end row --><\/p>\n<p>              <!-- end col-12-->\n                      <\/div>\n<p><br \/>\n<br \/><a href=\"https:\/\/diariodobrasilnoticias.com.br\/noticia\/confira-qual-e-o-pais-com-a-melhor-qualidade-de-vida-do-mundo-678e314cd8de5\">Source link <\/a><\/p>","protected":false},"excerpt":{"rendered":"<p>Madrid &#8211; Cr\u00e9ditos: depositphotos.com \/ kasto Em um cen\u00e1rio global em constante transforma\u00e7\u00e3o, a avalia\u00e7\u00e3o da qualidade de vida, influ\u00eancia cultural e ambiente de neg\u00f3cios ganha cada vez mais relev\u00e2ncia.&hellip;<\/p>","protected":false},"author":1,"featured_media":93815,"comment_status":"closed","ping_status":"open","sticky":false,"template":"","format":"standard","meta":{"content-type":"","footnotes":""},"categories":[16],"tags":[123,2448,5313,1267],"class_list":["post-93814","post","type-post","status-publish","format-standard","has-post-thumbnail","hentry","category-noticias","tag-brasil","tag-diario","tag-noticia","tag-noticias"],"_links":{"self":[{"href":"https:\/\/tvbrazilusa.com\/pt\/wp-json\/wp\/v2\/posts\/93814","targetHints":{"allow":["GET"]}}],"collection":[{"href":"https:\/\/tvbrazilusa.com\/pt\/wp-json\/wp\/v2\/posts"}],"about":[{"href":"https:\/\/tvbrazilusa.com\/pt\/wp-json\/wp\/v2\/types\/post"}],"author":[{"embeddable":true,"href":"https:\/\/tvbrazilusa.com\/pt\/wp-json\/wp\/v2\/users\/1"}],"replies":[{"embeddable":true,"href":"https:\/\/tvbrazilusa.com\/pt\/wp-json\/wp\/v2\/comments?post=93814"}],"version-history":[{"count":1,"href":"https:\/\/tvbrazilusa.com\/pt\/wp-json\/wp\/v2\/posts\/93814\/revisions"}],"predecessor-version":[{"id":93816,"href":"https:\/\/tvbrazilusa.com\/pt\/wp-json\/wp\/v2\/posts\/93814\/revisions\/93816"}],"wp:featuredmedia":[{"embeddable":true,"href":"https:\/\/tvbrazilusa.com\/pt\/wp-json\/wp\/v2\/media\/93815"}],"wp:attachment":[{"href":"https:\/\/tvbrazilusa.com\/pt\/wp-json\/wp\/v2\/media?parent=93814"}],"wp:term":[{"taxonomy":"category","embeddable":true,"href":"https:\/\/tvbrazilusa.com\/pt\/wp-json\/wp\/v2\/categories?post=93814"},{"taxonomy":"post_tag","embeddable":true,"href":"https:\/\/tvbrazilusa.com\/pt\/wp-json\/wp\/v2\/tags?post=93814"}],"curies":[{"name":"wp","href":"https:\/\/api.w.org\/{rel}","templated":true}]}}