{"id":93817,"date":"2025-01-20T14:23:13","date_gmt":"2025-01-20T14:23:13","guid":{"rendered":"https:\/\/tvbrazilusa.com\/2025\/01\/20\/lula-demonstra-receio-e-diz-que-nao-quer-briga-com-os-eua-veja-video\/"},"modified":"2025-01-20T14:23:15","modified_gmt":"2025-01-20T14:23:15","slug":"lula-demonstra-receio-e-diz-que-nao-quer-briga-com-os-eua-veja-video","status":"publish","type":"post","link":"https:\/\/tvbrazilusa.com\/pt\/2025\/01\/20\/lula-demonstra-receio-e-diz-que-nao-quer-briga-com-os-eua-veja-video\/","title":{"rendered":"Lula demonstra receio e diz que n\u00e3o quer briga com os EUA; VEJA V\u00cdDEO"},"content":{"rendered":"<p> <script async src=\"https:\/\/pagead2.googlesyndication.com\/pagead\/js\/adsbygoogle.js?client=ca-pub-8864793242727901\"\r\n     crossorigin=\"anonymous\"><\/script><br \/>\n<\/p>\n<div>\n<p>O presidente Lula expressou preocupa\u00e7\u00e3o em rela\u00e7\u00e3o ao seu posicionamento diplom\u00e1tico e afirmou que n\u00e3o deseja entrar em confronto com os Estados Unidos. Em seu discurso, Lula destaca que o maior interesse o seu governo \u00e9 manter a paz, evitando desaven\u00e7as com a Venezuela, Estados Unidos e China. ASSISTA:\n<\/p>\n<blockquote class=\"twitter-tweet\" data-media-max-width=\"560\">\n<p dir=\"ltr\" lang=\"pt\">Sinto que o Lula est\u00e1 com o cool na m\u00e3o \ud83d\udc4c <a href=\"https:\/\/t.co\/qwYpDd5GqY\">pic.twitter.com\/qwYpDd5GqY<\/a><\/p>\n<p>\u2014 MSP-Brazil (@mspbra) <a href=\"https:\/\/twitter.com\/mspbra\/status\/1881338492049047806?ref_src=twsrc%5Etfw\">January 20, 2025<\/a><\/p><\/blockquote>\n<\/div>\n<p><script async src=\"\/\/platform.twitter.com\/widgets.js\" charset=\"utf-8\"><\/script><br \/>\n<br \/><br \/>\n<br \/><a href=\"https:\/\/diariodobrasilnoticias.com.br\/noticia\/lula-demonstra-receio-e-diz-que-nao-quer-briga-com-os-eua-veja-video-678e59633e131\">Source link <\/a><\/p>","protected":false},"excerpt":{"rendered":"<p>O presidente Lula expressou preocupa\u00e7\u00e3o em rela\u00e7\u00e3o ao seu posicionamento diplom\u00e1tico e afirmou que n\u00e3o deseja entrar em confronto com os Estados Unidos. Em seu discurso, Lula destaca que o&hellip;<\/p>","protected":false},"author":1,"featured_media":93818,"comment_status":"closed","ping_status":"open","sticky":false,"template":"","format":"standard","meta":{"content-type":"","footnotes":""},"categories":[16],"tags":[123,2448,5313,1267],"class_list":["post-93817","post","type-post","status-publish","format-standard","has-post-thumbnail","hentry","category-noticias","tag-brasil","tag-diario","tag-noticia","tag-noticias"],"_links":{"self":[{"href":"https:\/\/tvbrazilusa.com\/pt\/wp-json\/wp\/v2\/posts\/93817","targetHints":{"allow":["GET"]}}],"collection":[{"href":"https:\/\/tvbrazilusa.com\/pt\/wp-json\/wp\/v2\/posts"}],"about":[{"href":"https:\/\/tvbrazilusa.com\/pt\/wp-json\/wp\/v2\/types\/post"}],"author":[{"embeddable":true,"href":"https:\/\/tvbrazilusa.com\/pt\/wp-json\/wp\/v2\/users\/1"}],"replies":[{"embeddable":true,"href":"https:\/\/tvbrazilusa.com\/pt\/wp-json\/wp\/v2\/comments?post=93817"}],"version-history":[{"count":1,"href":"https:\/\/tvbrazilusa.com\/pt\/wp-json\/wp\/v2\/posts\/93817\/revisions"}],"predecessor-version":[{"id":93819,"href":"https:\/\/tvbrazilusa.com\/pt\/wp-json\/wp\/v2\/posts\/93817\/revisions\/93819"}],"wp:featuredmedia":[{"embeddable":true,"href":"https:\/\/tvbrazilusa.com\/pt\/wp-json\/wp\/v2\/media\/93818"}],"wp:attachment":[{"href":"https:\/\/tvbrazilusa.com\/pt\/wp-json\/wp\/v2\/media?parent=93817"}],"wp:term":[{"taxonomy":"category","embeddable":true,"href":"https:\/\/tvbrazilusa.com\/pt\/wp-json\/wp\/v2\/categories?post=93817"},{"taxonomy":"post_tag","embeddable":true,"href":"https:\/\/tvbrazilusa.com\/pt\/wp-json\/wp\/v2\/tags?post=93817"}],"curies":[{"name":"wp","href":"https:\/\/api.w.org\/{rel}","templated":true}]}}