{"id":93855,"date":"2025-01-20T16:11:46","date_gmt":"2025-01-20T16:11:46","guid":{"rendered":"https:\/\/tvbrazilusa.com\/2025\/01\/20\/bomba-na-calada-da-posse-biden-concede-anistia-a-fauci-milley-e-ao-comite-do-6-de-janeiro-evitando-possiveis-retaliacoes-sob-o-mandato-de-trump\/"},"modified":"2025-01-20T16:11:47","modified_gmt":"2025-01-20T16:11:47","slug":"bomba-na-calada-da-posse-biden-concede-anistia-a-fauci-milley-e-ao-comite-do-6-de-janeiro-evitando-possiveis-retaliacoes-sob-o-mandato-de-trump","status":"publish","type":"post","link":"https:\/\/tvbrazilusa.com\/pt\/2025\/01\/20\/bomba-na-calada-da-posse-biden-concede-anistia-a-fauci-milley-e-ao-comite-do-6-de-janeiro-evitando-possiveis-retaliacoes-sob-o-mandato-de-trump\/","title":{"rendered":"BOMBA: Na calada da posse, Biden concede anistia a Fauci, Milley e ao comit\u00ea do 6 de janeiro, evitando poss\u00edveis retalia\u00e7\u00f5es sob o mandato de Trump"},"content":{"rendered":"<p> <script async src=\"https:\/\/pagead2.googlesyndication.com\/pagead\/js\/adsbygoogle.js?client=ca-pub-8864793242727901\"\r\n     crossorigin=\"anonymous\"><\/script><br \/>\n<\/p>\n<div id=\"taboola-read-more\" style=\"display:block; width:100%\">\n<p>Nas horas finais de seu mandato, o presidente dos Estados Unidos, Joe Biden, usou os poderes presidenciais para conceder perd\u00e3o a Anthony Fauci, ex-diretor do Instituto Nacional de Alergia e Doen\u00e7as Infecciosas; ao general aposentado Mark Milley; e a integrantes do comit\u00ea da C\u00e2mara que investigaram os atos de 6 de janeiro ao Capit\u00f3lio.<\/p>\n<p>A medida busca proteg\u00ea-los de eventuais investiga\u00e7\u00f5es que possam ser abertas pelo governo de Donald Trump, que reassume a Casa Branca nesta segunda-feira (20).<\/p>\n<p>A decis\u00e3o ocorre em um momento de alerta emitido pelo pr\u00f3prio Trump, que mencionou a inten\u00e7\u00e3o de investigar e punir quem eventualmente cometeu crimes sob cargos oficiais, sobretudo aqueles que desempenharam pap\u00e9is-chave em investiga\u00e7\u00f5es relacionadas \u00e0 invas\u00e3o do Capit\u00f3lio em 2021 e \u00e0 sua tentativa de contestar os resultados das elei\u00e7\u00f5es de 2020.<\/p>\n<p>Fauci, que esteve \u00e0 frente da resposta \u00e0 pandemia de COVID-19 e serviu como principal conselheiro m\u00e9dico de Biden at\u00e9 sua aposentadoria em 2022, foi alvo de cr\u00edticas de Trump durante seu governo. O ex-presidente acusou Fauci de m\u00e1 gest\u00e3o na pandemia e de fazer declara\u00e7\u00f5es pautadas em interesses obscuros.\n<\/p>\n<p>Fonte: Conex\u00e3o Pol\u00edtica<\/p>\n<\/p><\/div>\n<p><br \/>\n<br \/><a href=\"https:\/\/diariodobrasilnoticias.com.br\/noticia\/urgente-na-calada-da-posse-biden-concede-anistia-a-fauci-milley-e-ao-comite-do-6-de-janeiro-evitando-possiveis-retaliacoes-sob-o-mandato-de-trump-678e57cc8963b\">Source link <\/a><\/p>","protected":false},"excerpt":{"rendered":"<p>Nas horas finais de seu mandato, o presidente dos Estados Unidos, Joe Biden, usou os poderes presidenciais para conceder perd\u00e3o a Anthony Fauci, ex-diretor do Instituto Nacional de Alergia e&hellip;<\/p>","protected":false},"author":1,"featured_media":93856,"comment_status":"closed","ping_status":"open","sticky":false,"template":"","format":"standard","meta":{"content-type":"","footnotes":""},"categories":[16],"tags":[123,2448,5313,1267],"class_list":["post-93855","post","type-post","status-publish","format-standard","has-post-thumbnail","hentry","category-noticias","tag-brasil","tag-diario","tag-noticia","tag-noticias"],"_links":{"self":[{"href":"https:\/\/tvbrazilusa.com\/pt\/wp-json\/wp\/v2\/posts\/93855","targetHints":{"allow":["GET"]}}],"collection":[{"href":"https:\/\/tvbrazilusa.com\/pt\/wp-json\/wp\/v2\/posts"}],"about":[{"href":"https:\/\/tvbrazilusa.com\/pt\/wp-json\/wp\/v2\/types\/post"}],"author":[{"embeddable":true,"href":"https:\/\/tvbrazilusa.com\/pt\/wp-json\/wp\/v2\/users\/1"}],"replies":[{"embeddable":true,"href":"https:\/\/tvbrazilusa.com\/pt\/wp-json\/wp\/v2\/comments?post=93855"}],"version-history":[{"count":1,"href":"https:\/\/tvbrazilusa.com\/pt\/wp-json\/wp\/v2\/posts\/93855\/revisions"}],"predecessor-version":[{"id":93857,"href":"https:\/\/tvbrazilusa.com\/pt\/wp-json\/wp\/v2\/posts\/93855\/revisions\/93857"}],"wp:featuredmedia":[{"embeddable":true,"href":"https:\/\/tvbrazilusa.com\/pt\/wp-json\/wp\/v2\/media\/93856"}],"wp:attachment":[{"href":"https:\/\/tvbrazilusa.com\/pt\/wp-json\/wp\/v2\/media?parent=93855"}],"wp:term":[{"taxonomy":"category","embeddable":true,"href":"https:\/\/tvbrazilusa.com\/pt\/wp-json\/wp\/v2\/categories?post=93855"},{"taxonomy":"post_tag","embeddable":true,"href":"https:\/\/tvbrazilusa.com\/pt\/wp-json\/wp\/v2\/tags?post=93855"}],"curies":[{"name":"wp","href":"https:\/\/api.w.org\/{rel}","templated":true}]}}