{"id":93858,"date":"2025-01-20T16:24:08","date_gmt":"2025-01-20T16:24:08","guid":{"rendered":"https:\/\/tvbrazilusa.com\/2025\/01\/20\/lula-afirma-que-2026-ja-esta-em-andamento-e-que-nao-permitira-que-o-pais-volte-ao-neonazismo\/"},"modified":"2025-01-20T16:24:09","modified_gmt":"2025-01-20T16:24:09","slug":"lula-afirma-que-2026-ja-esta-em-andamento-e-que-nao-permitira-que-o-pais-volte-ao-neonazismo","status":"publish","type":"post","link":"https:\/\/tvbrazilusa.com\/pt\/2025\/01\/20\/lula-afirma-que-2026-ja-esta-em-andamento-e-que-nao-permitira-que-o-pais-volte-ao-neonazismo\/","title":{"rendered":"Lula afirma que 2026 j\u00e1 est\u00e1 em andamento e que n\u00e3o permitir\u00e1 que o pa\u00eds volte ao neonazismo"},"content":{"rendered":"<p> <script async src=\"https:\/\/pagead2.googlesyndication.com\/pagead\/js\/adsbygoogle.js?client=ca-pub-8864793242727901\"\r\n     crossorigin=\"anonymous\"><\/script><br \/>\n<\/p>\n<div id=\"taboola-read-more\" style=\"display:block; width:100%\">\n<p>O presidente Luiz In\u00e1cio Lula da Silva disse nesta segunda-feira que o ano eleitoral de 2026 j\u00e1 come\u00e7ou e que pretende eleger no ano que vem um governo que mantenha o processo democr\u00e1tico no Brasil, acrescentando que a sua \u201ccausa\u201d \u00e9 n\u00e3o permitir o que chamou de \u201chorror\u201d do governo anterior, al\u00e9m de impedir que o pa\u00eds volte ao que classificou como \u201cfascismo\u201d.\n<\/p>\n<p>\u201cPrecisamos dizer em alto e bom som: queremos eleger governo para continuar processo democr\u00e1tico do pais, n\u00e3o queremos entregar esse pa\u00eds de volta ao neofascismo, neonazismo, autoritarismo. Queremos entregar com muita educa\u00e7\u00e3o\u201d, defendeu o presidente.<\/p>\n<p>Ao abrir a primeira reuni\u00e3o ministerial deste ano, Lula ressaltou que a oposi\u00e7\u00e3o j\u00e1 come\u00e7ou a campanha eleitoral para 2026 e a resposta do governo precisa ser colocar em pr\u00e1tica o que ainda n\u00e3o conseguiu.\n<\/p>\n<p>\u201cO que eu quero dizer para voc\u00eas \u00e9 que 2026 j\u00e1 come\u00e7ou. Se n\u00e3o por n\u00f3s \u2014 porque temos que trabalhar, porque temos que capinar, porque temos que tirar todos os carrapichos que tiver nas plantas que n\u00f3s plantamos \u2013, mas pelos advers\u00e1rios, a elei\u00e7\u00e3o do ano que vem j\u00e1 come\u00e7ou. \u00c9 s\u00f3 ver o que voc\u00eas assistem na internet para voc\u00eas perceberem que eles j\u00e1 est\u00e3o em campanha. E n\u00f3s n\u00e3o podemos antecipar a campanha porque n\u00f3s temos que trabalhar\u201d, disse Lula a seus ministros.\n<\/p>\n<p>O presidente reconheceu que o governo ainda n\u00e3o entregou, nesses primeiros dois anos de mandato, tudo que prometeu na campanha de 2022, e precisa acelerar o trabalho e n\u00e3o \u201cinventar mais nada\u201d.\n<\/p>\n<p>\u201cA entrega que fizemos para o povo ainda n\u00e3o foi a entrega que nos comprometemos a fazer em 2022. Muitas das coisas que n\u00f3s plantamos ainda n\u00e3o brotaram e n\u00e3o nasceram. Daqui para a frente, a gente n\u00e3o pode mais inventar nada\u201d, disse. \u201cN\u00f3s n\u00e3o podemos falhar e n\u00e3o temos o direito de falhar.\u201d\n<\/p>\n<p>Lula mostrou ainda preocupa\u00e7\u00e3o com o pre\u00e7o de alimentos. A amea\u00e7a de um aumento de infla\u00e7\u00e3o \u00e9 uma das principais preocupa\u00e7\u00f5es. O relat\u00f3rio Focus divulgado nesta segunda-feira prev\u00ea infla\u00e7\u00e3o em 5,08% para este ano, acima do teto da meta, e o impacto no pre\u00e7o dos alimentos \u2014 e, consequentemente, na popularidade do governo \u2014 \u00e9 uma preocupa\u00e7\u00e3o.\n<\/p>\n<p>Sem entrar em detalhes, Lula disse que \u00e9 tarefa do governo garantir que a comida chegue \u00e0 mesa dos trabalhadores a um pre\u00e7o compat\u00edvel com os sal\u00e1rios.<\/p>\n<p>Fonte: InfoMoney              <\/p>\n<\/div>\n<p><br \/>\n<br \/><a href=\"https:\/\/diariodobrasilnoticias.com.br\/noticia\/lula-afirma-que-2026-ja-esta-em-andamento-e-que-nao-permitira-que-o-pais-volte-ao-neonazismo-678e7314ec652\">Source link <\/a><\/p>","protected":false},"excerpt":{"rendered":"<p>O presidente Luiz In\u00e1cio Lula da Silva disse nesta segunda-feira que o ano eleitoral de 2026 j\u00e1 come\u00e7ou e que pretende eleger no ano que vem um governo que mantenha&hellip;<\/p>","protected":false},"author":1,"featured_media":93859,"comment_status":"closed","ping_status":"open","sticky":false,"template":"","format":"standard","meta":{"content-type":"","footnotes":""},"categories":[16],"tags":[123,2448,5313,1267],"class_list":["post-93858","post","type-post","status-publish","format-standard","has-post-thumbnail","hentry","category-noticias","tag-brasil","tag-diario","tag-noticia","tag-noticias"],"_links":{"self":[{"href":"https:\/\/tvbrazilusa.com\/pt\/wp-json\/wp\/v2\/posts\/93858","targetHints":{"allow":["GET"]}}],"collection":[{"href":"https:\/\/tvbrazilusa.com\/pt\/wp-json\/wp\/v2\/posts"}],"about":[{"href":"https:\/\/tvbrazilusa.com\/pt\/wp-json\/wp\/v2\/types\/post"}],"author":[{"embeddable":true,"href":"https:\/\/tvbrazilusa.com\/pt\/wp-json\/wp\/v2\/users\/1"}],"replies":[{"embeddable":true,"href":"https:\/\/tvbrazilusa.com\/pt\/wp-json\/wp\/v2\/comments?post=93858"}],"version-history":[{"count":1,"href":"https:\/\/tvbrazilusa.com\/pt\/wp-json\/wp\/v2\/posts\/93858\/revisions"}],"predecessor-version":[{"id":93860,"href":"https:\/\/tvbrazilusa.com\/pt\/wp-json\/wp\/v2\/posts\/93858\/revisions\/93860"}],"wp:featuredmedia":[{"embeddable":true,"href":"https:\/\/tvbrazilusa.com\/pt\/wp-json\/wp\/v2\/media\/93859"}],"wp:attachment":[{"href":"https:\/\/tvbrazilusa.com\/pt\/wp-json\/wp\/v2\/media?parent=93858"}],"wp:term":[{"taxonomy":"category","embeddable":true,"href":"https:\/\/tvbrazilusa.com\/pt\/wp-json\/wp\/v2\/categories?post=93858"},{"taxonomy":"post_tag","embeddable":true,"href":"https:\/\/tvbrazilusa.com\/pt\/wp-json\/wp\/v2\/tags?post=93858"}],"curies":[{"name":"wp","href":"https:\/\/api.w.org\/{rel}","templated":true}]}}