{"id":93861,"date":"2025-01-20T16:35:03","date_gmt":"2025-01-20T16:35:03","guid":{"rendered":"https:\/\/tvbrazilusa.com\/2025\/01\/20\/confusao-lula-da-bronca-em-haddad-em-reuniao-ministerial-por-causa-do-pix\/"},"modified":"2025-01-20T16:35:06","modified_gmt":"2025-01-20T16:35:06","slug":"confusao-lula-da-bronca-em-haddad-em-reuniao-ministerial-por-causa-do-pix","status":"publish","type":"post","link":"https:\/\/tvbrazilusa.com\/pt\/2025\/01\/20\/confusao-lula-da-bronca-em-haddad-em-reuniao-ministerial-por-causa-do-pix\/","title":{"rendered":"Confus\u00e3o: Lula da bronca em Haddad em reuni\u00e3o ministerial por causa do PIX"},"content":{"rendered":"<p> <script async src=\"https:\/\/pagead2.googlesyndication.com\/pagead\/js\/adsbygoogle.js?client=ca-pub-8864793242727901\"\r\n     crossorigin=\"anonymous\"><\/script><br \/>\n<\/p>\n<div id=\"taboola-read-more\" style=\"display:block; width:100%\">\n<p>O presidente Luiz In\u00e1cio Lula da Silva (PT) deu bronca, nesta segunda-feira (20), em seus ministros mencionando, de forma indireta, a mais recente crise do Pix. Ele sinalizou ainda que quer aumentar o controle sobre atos dos minist\u00e9rios.\n<\/p>\n<p>&#8220;Daqui para frente, nenhum ministro vai poder fazer uma portaria que depois crie confus\u00e3o para n\u00f3s sem que passe pela presid\u00eancia atrav\u00e9s da Casa Civil. Muitas vezes a gente pensa que n\u00e3o \u00e9 nada, faz uma portaria qualquer e depois arrebenta e cai na Presid\u00eancia da Rep\u00fablica&#8221;, afirmou.<\/p>\n<p>Lula n\u00e3o mencionou Fernando Haddad (Fazenda) ou a instru\u00e7\u00e3o normativa da Receita Federalque ampliava a fiscaliza\u00e7\u00e3o sobre transa\u00e7\u00f5es de pessoas f\u00edsicas via Pix que somarem ao menos R$ 5.000 por m\u00eas. Mas a onda de desinforma\u00e7\u00e3o que seguiu a publica\u00e7\u00e3o da nova norma fez o governo admitir derrota e recuar na medida.\n<\/p>\n<p>A declara\u00e7\u00e3o foi feita durante a primeira reuni\u00e3o ministerial do ano, que ocorre na Granja do Torto nesta manh\u00e3. O encontro re\u00fane todo o primeiro escal\u00e3o do governo, al\u00e9m de l\u00edderes no Congresso, e deve durar o dia inteiro.\n<\/p>\n<p>Est\u00e1 prevista entre os discursos de abertura do encontro o do novo ministro da Secom, Sid\u00f4nio Palmeira, pela primeira vez para todo o primeiro escal\u00e3o do governo. Ele tomou posse na ter\u00e7a-feira passada e j\u00e1 se envolveu a crise do Pix.\n<\/p>\n<p>Como a Folha mostrou, um dos seus primeiros atos \u00e0 frente da pasta foi encomendar uma campanha com foco em aut\u00f4nomos e empreendedores, ap\u00f3s diagnosticar grande desgaste com esse p\u00fablico. Na avalia\u00e7\u00e3o de aliados do presidente, o di\u00e1logo com o segmento j\u00e1 era dif\u00edcil e piorou ainda mais com a dissemina\u00e7\u00e3o de fake news sobre a taxa\u00e7\u00e3o do Pix.\n<\/p>\n<p>Um dos principais desafios de Sid\u00f4nio, segundo integrantes do governo, ser\u00e1 justamente de alinhar o discurso da Esplanada. H\u00e1 no Pal\u00e1cio do Planalto um entendimento de que muitos ministros ao proporem uma medida ou tomarem uma decis\u00e3o nem sempre est\u00e3o alinhados com o n\u00facleo de governo, ou seja, com o que o presidente quer.\n<\/p>\n<p>Fonte: Folha de S. Paulo              <\/p>\n<\/div>\n<p><br \/>\n<br \/><a href=\"https:\/\/diariodobrasilnoticias.com.br\/noticia\/confusao-lula-da-bronca-em-haddad-em-reuniao-ministerial-por-causa-do-pix-678e5f73df8f4\">Source link <\/a><\/p>","protected":false},"excerpt":{"rendered":"<p>O presidente Luiz In\u00e1cio Lula da Silva (PT) deu bronca, nesta segunda-feira (20), em seus ministros mencionando, de forma indireta, a mais recente crise do Pix. Ele sinalizou ainda que&hellip;<\/p>","protected":false},"author":1,"featured_media":93862,"comment_status":"closed","ping_status":"open","sticky":false,"template":"","format":"standard","meta":{"content-type":"","footnotes":""},"categories":[16],"tags":[123,2448,5313,1267],"class_list":["post-93861","post","type-post","status-publish","format-standard","has-post-thumbnail","hentry","category-noticias","tag-brasil","tag-diario","tag-noticia","tag-noticias"],"_links":{"self":[{"href":"https:\/\/tvbrazilusa.com\/pt\/wp-json\/wp\/v2\/posts\/93861","targetHints":{"allow":["GET"]}}],"collection":[{"href":"https:\/\/tvbrazilusa.com\/pt\/wp-json\/wp\/v2\/posts"}],"about":[{"href":"https:\/\/tvbrazilusa.com\/pt\/wp-json\/wp\/v2\/types\/post"}],"author":[{"embeddable":true,"href":"https:\/\/tvbrazilusa.com\/pt\/wp-json\/wp\/v2\/users\/1"}],"replies":[{"embeddable":true,"href":"https:\/\/tvbrazilusa.com\/pt\/wp-json\/wp\/v2\/comments?post=93861"}],"version-history":[{"count":1,"href":"https:\/\/tvbrazilusa.com\/pt\/wp-json\/wp\/v2\/posts\/93861\/revisions"}],"predecessor-version":[{"id":93863,"href":"https:\/\/tvbrazilusa.com\/pt\/wp-json\/wp\/v2\/posts\/93861\/revisions\/93863"}],"wp:featuredmedia":[{"embeddable":true,"href":"https:\/\/tvbrazilusa.com\/pt\/wp-json\/wp\/v2\/media\/93862"}],"wp:attachment":[{"href":"https:\/\/tvbrazilusa.com\/pt\/wp-json\/wp\/v2\/media?parent=93861"}],"wp:term":[{"taxonomy":"category","embeddable":true,"href":"https:\/\/tvbrazilusa.com\/pt\/wp-json\/wp\/v2\/categories?post=93861"},{"taxonomy":"post_tag","embeddable":true,"href":"https:\/\/tvbrazilusa.com\/pt\/wp-json\/wp\/v2\/tags?post=93861"}],"curies":[{"name":"wp","href":"https:\/\/api.w.org\/{rel}","templated":true}]}}