{"id":93864,"date":"2025-01-20T16:41:14","date_gmt":"2025-01-20T16:41:14","guid":{"rendered":"https:\/\/tvbrazilusa.com\/2025\/01\/20\/imagens-fortes-homem-ataca-gerente-de-supermercado-com-pa-assista\/"},"modified":"2025-01-20T16:41:16","modified_gmt":"2025-01-20T16:41:16","slug":"imagens-fortes-homem-ataca-gerente-de-supermercado-com-pa-assista","status":"publish","type":"post","link":"https:\/\/tvbrazilusa.com\/pt\/2025\/01\/20\/imagens-fortes-homem-ataca-gerente-de-supermercado-com-pa-assista\/","title":{"rendered":"IMAGENS FORTES: Homem ataca gerente de supermercado com p\u00e1; ASSISTA"},"content":{"rendered":"<p> <script async src=\"https:\/\/pagead2.googlesyndication.com\/pagead\/js\/adsbygoogle.js?client=ca-pub-8864793242727901\"\r\n     crossorigin=\"anonymous\"><\/script><br \/>\n<\/p>\n<div id=\"taboola-read-more\" style=\"display:block; width:100%\">\n<p>Um homem atacou o gerente de um mercado com uma p\u00e1, neste s\u00e1bado (18), em Sinop, no Mato Grosso. O agressor, de 29 anos, foi preso por tentativa de homic\u00eddio.<\/p>\n<p>Imagens de c\u00e2meras de seguran\u00e7a que circulam nas redes sociais mostram o homem indo a uma prateleira com as ferramentas e pegando a arma do crime. Na sequ\u00eancia, vai em dire\u00e7\u00e3o ao gerente, que fala no telefone, e o golpeia por tr\u00e1s na cabe\u00e7a. A v\u00edtima cai no ch\u00e3o desacordada.<\/p>\n<p>A pol\u00edcia afirma que ele foi ao local j\u00e1 com essa inten\u00e7\u00e3o por supostas reclama\u00e7\u00f5es da esposa, que trabalha no mercado, sobre o gerente.<\/p>\n<p>O gestor sobreviveu e foi atendido com ferimentos na cabe\u00e7a, ouvido e orelha.\n<\/p>\n<p>Fonte: Jovem Pan              <\/p>\n<\/div>\n<p><br \/>\n<br \/><a href=\"https:\/\/diariodobrasilnoticias.com.br\/noticia\/imagens-fortes-homem-ataca-gerente-de-supermercado-com-pa-assista-678e7926847d0\">Source link <\/a><\/p>","protected":false},"excerpt":{"rendered":"<p>Um homem atacou o gerente de um mercado com uma p\u00e1, neste s\u00e1bado (18), em Sinop, no Mato Grosso. O agressor, de 29 anos, foi preso por tentativa de homic\u00eddio.&hellip;<\/p>","protected":false},"author":1,"featured_media":93865,"comment_status":"closed","ping_status":"open","sticky":false,"template":"","format":"standard","meta":{"content-type":"","footnotes":""},"categories":[16],"tags":[123,2448,5313,1267],"class_list":["post-93864","post","type-post","status-publish","format-standard","has-post-thumbnail","hentry","category-noticias","tag-brasil","tag-diario","tag-noticia","tag-noticias"],"_links":{"self":[{"href":"https:\/\/tvbrazilusa.com\/pt\/wp-json\/wp\/v2\/posts\/93864","targetHints":{"allow":["GET"]}}],"collection":[{"href":"https:\/\/tvbrazilusa.com\/pt\/wp-json\/wp\/v2\/posts"}],"about":[{"href":"https:\/\/tvbrazilusa.com\/pt\/wp-json\/wp\/v2\/types\/post"}],"author":[{"embeddable":true,"href":"https:\/\/tvbrazilusa.com\/pt\/wp-json\/wp\/v2\/users\/1"}],"replies":[{"embeddable":true,"href":"https:\/\/tvbrazilusa.com\/pt\/wp-json\/wp\/v2\/comments?post=93864"}],"version-history":[{"count":1,"href":"https:\/\/tvbrazilusa.com\/pt\/wp-json\/wp\/v2\/posts\/93864\/revisions"}],"predecessor-version":[{"id":93866,"href":"https:\/\/tvbrazilusa.com\/pt\/wp-json\/wp\/v2\/posts\/93864\/revisions\/93866"}],"wp:featuredmedia":[{"embeddable":true,"href":"https:\/\/tvbrazilusa.com\/pt\/wp-json\/wp\/v2\/media\/93865"}],"wp:attachment":[{"href":"https:\/\/tvbrazilusa.com\/pt\/wp-json\/wp\/v2\/media?parent=93864"}],"wp:term":[{"taxonomy":"category","embeddable":true,"href":"https:\/\/tvbrazilusa.com\/pt\/wp-json\/wp\/v2\/categories?post=93864"},{"taxonomy":"post_tag","embeddable":true,"href":"https:\/\/tvbrazilusa.com\/pt\/wp-json\/wp\/v2\/tags?post=93864"}],"curies":[{"name":"wp","href":"https:\/\/api.w.org\/{rel}","templated":true}]}}