{"id":93867,"date":"2025-01-20T16:30:00","date_gmt":"2025-01-20T16:30:00","guid":{"rendered":"https:\/\/tvbrazilusa.com\/2025\/01\/20\/querida-annie-pensamentos-para-o-dia-de-martin-luther-king-jr-e-dia-de-posse\/"},"modified":"2025-01-20T16:47:02","modified_gmt":"2025-01-20T16:47:02","slug":"querida-annie-pensamentos-para-o-dia-de-martin-luther-king-jr-e-dia-de-posse","status":"publish","type":"post","link":"https:\/\/tvbrazilusa.com\/pt\/2025\/01\/20\/querida-annie-pensamentos-para-o-dia-de-martin-luther-king-jr-e-dia-de-posse\/","title":{"rendered":"Querida Annie: Pensamentos para o dia de Martin Luther King Jr. e dia de posse"},"content":{"rendered":"<script async src=\"https:\/\/pagead2.googlesyndication.com\/pagead\/js\/adsbygoogle.js?client=ca-pub-8864793242727901\"\r\n     crossorigin=\"anonymous\"><\/script>\n<div>\n<p class=\"article__paragraph article__paragraph--left\" id=\"QIVY2XZWNVCUTGMJJYFAELOE5U\">CAROS LEITORES: Desejo a todos um feliz dia de Martin Luther King Jr. e dia de posse!<\/p>\n<p class=\"article__paragraph article__paragraph--left\" id=\"KVNK25JDVFHU7LY5UZN5OUW77A\">Achei que seria um bom momento para encontrar algumas cita\u00e7\u00f5es impactantes dos discursos de posse presidenciais e do discurso \u201cEu tenho um sonho\u201d de King. Encontrei cita\u00e7\u00f5es que inspiram, unificam e motivam o p\u00fablico em dire\u00e7\u00e3o a uma vis\u00e3o compartilhada para a na\u00e7\u00e3o. Comparar o discurso de King com discursos inaugurais espec\u00edficos revela temas comuns de lideran\u00e7a, resili\u00eancia e constru\u00e7\u00e3o de um futuro ainda melhor para todos n\u00f3s.<\/p>\n<p class=\"article__paragraph article__paragraph--left\" id=\"XZHY5SEZBJDIZAGZNTMNDXBZWM\">\u201cTenho um sonho de que um dia todos os vales ser\u00e3o exaltados, todas as colinas e montanhas ser\u00e3o niveladas, os lugares acidentados ser\u00e3o aplanados e os lugares tortuosos ser\u00e3o endireitados; e a gl\u00f3ria do Senhor ser\u00e1 revelada e toda a carne juntamente a ver\u00e1. Esta \u00e9 a nossa esperan\u00e7a. \u00c9 com esta f\u00e9 que volto para o Sul. Com esta f\u00e9 seremos capazes de extrair da montanha do desespero uma pedra de esperan\u00e7a. Com esta f\u00e9, seremos capazes de transformar as disc\u00f3rdias estridentes da nossa na\u00e7\u00e3o numa bela sinfonia de fraternidade. Com esta f\u00e9 poderemos trabalhar juntos, rezar juntos, lutar juntos, ir para a pris\u00e3o juntos, escalar juntos para a liberdade, sabendo que um dia seremos livres\u201d. &#8211; Discurso \u201cEu tenho um sonho\u201d de Martin Luther King Jr.<\/p>\n<p class=\"article__paragraph article__paragraph--left\" id=\"TSYVBNPQKFAOTPT4BWPXPEPV7M\">\u201cVamos, ent\u00e3o, concidad\u00e3os, unir-nos com um s\u00f3 cora\u00e7\u00e3o e uma s\u00f3 mente. Vamos restaurar nas rela\u00e7\u00f5es sociais aquela harmonia e afei\u00e7\u00e3o sem as quais a liberdade e at\u00e9 a pr\u00f3pria vida n\u00e3o passam de coisas tristes. E reflitamos que, tendo banido da nossa terra aquela intoler\u00e2ncia religiosa sob a qual a humanidade sangrou e sofreu por tanto tempo, ainda pouco ganhamos se tolerarmos uma intoler\u00e2ncia pol\u00edtica t\u00e3o desp\u00f3tica, t\u00e3o perversa e capaz de persegui\u00e7\u00f5es t\u00e3o amargas e sangrentas.\u201d &#8211; Thomas Jefferson, 4 de mar\u00e7o de 1801.<\/p>\n<p class=\"article__paragraph article__paragraph--left\" id=\"E5LBS44ZMBD3JMNIGBNU35K77U\">\u201cSem mal\u00edcia para com ningu\u00e9m, com caridade para todos, com firmeza no que \u00e9 certo, como Deus nos d\u00e1 para ver o que \u00e9 certo, esforcemo-nos para terminar o trabalho em que estamos, para curar as feridas da na\u00e7\u00e3o.\u201d &#8211; Abraham Lincoln, 4 de mar\u00e7o de 1865.<\/p>\n<p class=\"article__paragraph article__paragraph--left\" id=\"HNJ72LBYNBCHLB6J2NWH32APVI\">\u201cMuito nos foi dado e muito ser\u00e1 legitimamente esperado de n\u00f3s. Temos deveres para com os outros e deveres para com n\u00f3s mesmos; e n\u00e3o podemos nos esquivar de nenhum dos dois.\u201d &#8211; Theodore Roosevelt, 4 de mar\u00e7o de 1905.<\/p>\n<p class=\"article__paragraph article__paragraph--left\" id=\"ZDM2GTMWCFBFBJASHUULYVVGI4\">\u201cAlcan\u00e7amos um grau mais elevado de conforto e seguran\u00e7a do que jamais existiu na hist\u00f3ria do mundo.\u201d &#8211; Herbert Hoover, 4 de mar\u00e7o de 1929.<\/p>\n<p class=\"article__paragraph article__paragraph--left\" id=\"7H3QEY7AYNCFHASTY3CFG3UPAI\">\u201cEsta grande na\u00e7\u00e3o resistir\u00e1 como resistiu, reviver\u00e1 e prosperar\u00e1. Ent\u00e3o, antes de mais nada, deixe-me afirmar minha firme convic\u00e7\u00e3o de que a \u00fanica coisa que devemos temer \u00e9 o pr\u00f3prio medo.\u201d \u2013 Franklin D. Roosevelt, 4 de mar\u00e7o de 1933.<\/p>\n<p class=\"article__paragraph article__paragraph--left\" id=\"RLZCA7N36ZDT5ONOJ2VRM3B6PM\">\u201cMeus concidad\u00e3os americanos: n\u00e3o perguntem o que o seu pa\u00eds pode fazer por voc\u00eas \u2013 perguntem o que voc\u00eas podem fazer pelo seu pa\u00eds. Meus concidad\u00e3os do mundo: n\u00e3o perguntem o que a Am\u00e9rica far\u00e1 por voc\u00eas, mas o que juntos podemos fazer pela liberdade do homem.\u201d &#8211; John F. Kennedy, 20 de janeiro de 1961.<\/p>\n<p class=\"article__paragraph article__paragraph--left\" id=\"BSK4K6APO5AKRCRRQHZTXK6EFY\">\u201cDevemos refletir a compaix\u00e3o que faz parte da sua constitui\u00e7\u00e3o. Como podemos amar o nosso pa\u00eds e n\u00e3o amar os nossos compatriotas; e am\u00e1-los, estender a m\u00e3o quando ca\u00edrem, cur\u00e1-los quando estiverem doentes e proporcionar a oportunidade de torn\u00e1-los autossuficientes para que sejam iguais de fato e n\u00e3o apenas em teoria? &#8211; Ronald Reagan, 20 de janeiro de 1981.<\/p>\n<p class=\"article__paragraph article__paragraph--left\" id=\"VRTWHY566NFXTJ7XGOA6KUQVL4\">\u201cN\u00e3o h\u00e1 nada de errado com a Am\u00e9rica que n\u00e3o possa ser curado pelo que est\u00e1 certo na Am\u00e9rica.\u201d &#8211; Bill Clinton, 20 de janeiro de 1993.<\/p>\n<p class=\"article__paragraph article__paragraph--left\" id=\"3DMPYCXMAVGQ7BST2YQDYEPR6I\"><i>Envie suas perguntas para Annie Lane para <\/i><a href=\"https:\/\/www.nj.com\/advice\/2025\/01\/mailto:dearannie@creators.com\" target=\"_blank\"><i>dearannie@creators.com<\/i><\/a><i>.<\/i><\/p>\n<section class=\"Stories-By-Section-Tag-module_wrapper__69Ed7 Stories-By-Section-Tag-module_nj__RFbQx\"\/><\/div>\n<p><br \/>\n<br \/><a href=\"https:\/\/www.nj.com\/advice\/2025\/01\/dear-annie-thoughts-for-martin-luther-king-jr-day-and-inauguration-day.html\">Source link <\/a><\/p>","protected":false},"excerpt":{"rendered":"<p>CAROS LEITORES: Desejo a todos um feliz dia de Martin Luther King Jr. e dia de posse! Achei que seria um bom momento para encontrar algumas cita\u00e7\u00f5es impactantes dos discursos&hellip;<\/p>","protected":false},"author":1,"featured_media":1432,"comment_status":"closed","ping_status":"open","sticky":false,"template":"","format":"standard","meta":{"content-type":"","footnotes":""},"categories":[1],"tags":[],"class_list":["post-93867","post","type-post","status-publish","format-standard","has-post-thumbnail","hentry","category-uncategorized"],"_links":{"self":[{"href":"https:\/\/tvbrazilusa.com\/pt\/wp-json\/wp\/v2\/posts\/93867","targetHints":{"allow":["GET"]}}],"collection":[{"href":"https:\/\/tvbrazilusa.com\/pt\/wp-json\/wp\/v2\/posts"}],"about":[{"href":"https:\/\/tvbrazilusa.com\/pt\/wp-json\/wp\/v2\/types\/post"}],"author":[{"embeddable":true,"href":"https:\/\/tvbrazilusa.com\/pt\/wp-json\/wp\/v2\/users\/1"}],"replies":[{"embeddable":true,"href":"https:\/\/tvbrazilusa.com\/pt\/wp-json\/wp\/v2\/comments?post=93867"}],"version-history":[{"count":1,"href":"https:\/\/tvbrazilusa.com\/pt\/wp-json\/wp\/v2\/posts\/93867\/revisions"}],"predecessor-version":[{"id":93868,"href":"https:\/\/tvbrazilusa.com\/pt\/wp-json\/wp\/v2\/posts\/93867\/revisions\/93868"}],"wp:featuredmedia":[{"embeddable":true,"href":"https:\/\/tvbrazilusa.com\/pt\/wp-json\/wp\/v2\/media\/1432"}],"wp:attachment":[{"href":"https:\/\/tvbrazilusa.com\/pt\/wp-json\/wp\/v2\/media?parent=93867"}],"wp:term":[{"taxonomy":"category","embeddable":true,"href":"https:\/\/tvbrazilusa.com\/pt\/wp-json\/wp\/v2\/categories?post=93867"},{"taxonomy":"post_tag","embeddable":true,"href":"https:\/\/tvbrazilusa.com\/pt\/wp-json\/wp\/v2\/tags?post=93867"}],"curies":[{"name":"wp","href":"https:\/\/api.w.org\/{rel}","templated":true}]}}