{"id":93869,"date":"2025-01-20T16:53:37","date_gmt":"2025-01-20T16:53:37","guid":{"rendered":"https:\/\/tvbrazilusa.com\/2025\/01\/20\/militares-percebem-tom-de-revanchismo-e-buscarao-apoio-da-oposicao-contra-as-alteracoes-na-aposentadoria\/"},"modified":"2025-01-20T16:53:38","modified_gmt":"2025-01-20T16:53:38","slug":"militares-percebem-tom-de-revanchismo-e-buscarao-apoio-da-oposicao-contra-as-alteracoes-na-aposentadoria","status":"publish","type":"post","link":"https:\/\/tvbrazilusa.com\/pt\/2025\/01\/20\/militares-percebem-tom-de-revanchismo-e-buscarao-apoio-da-oposicao-contra-as-alteracoes-na-aposentadoria\/","title":{"rendered":"Militares percebem tom de revanchismo e buscar\u00e3o apoio da oposi\u00e7\u00e3o contra as altera\u00e7\u00f5es na aposentadoria"},"content":{"rendered":"<p> <script async src=\"https:\/\/pagead2.googlesyndication.com\/pagead\/js\/adsbygoogle.js?client=ca-pub-8864793242727901\"\r\n     crossorigin=\"anonymous\"><\/script><br \/>\n<\/p>\n<div id=\"taboola-read-more\" style=\"display:block; width:100%\">\n<p>A inclus\u00e3o dos militares no pacote de ajuste fiscal anunciado pelo governo Lula deve gerar uma corrida aos gabinetes dos parlamentares de oposi\u00e7\u00e3o em busca de altera\u00e7\u00f5es no texto.\n<\/p>\n<p>Em novembro, o ministro da Fazenda, Fernando Haddad, anunciou que o Minist\u00e9rio da Defesa seria atingido pela tesourada nos gastos. Para isso, um projeto propondo mudan\u00e7as no sistema de prote\u00e7\u00e3o social \u2013 a Previd\u00eancia dos militares \u2013 foi encaminhado ao Congresso. Ainda sem um relator definido, a mat\u00e9ria deve ser debatida neste ano.<\/p>\n<p>Internamente, a avalia\u00e7\u00e3o \u00e9 a de que o texto precisa de mudan\u00e7as e que os pol\u00edticos de oposi\u00e7\u00e3o ao governo tendem a ser mais abertos ao di\u00e1logo com a caserna. A investida j\u00e1 foi alertada \u00e0 c\u00fapula militar, que v\u00ea como imposs\u00edvel evitar desgastes com a vota\u00e7\u00e3o de um tema como esse.\n<\/p>\n<p>Durante a transi\u00e7\u00e3o, um time de oficiais avisou alguns dos interlocutores do governo Lula, entre os quais o presidente do BNDES, Aloizio Mercadante, que o tema era um dos mais sens\u00edveis e deixou expresso que alguns benef\u00edcios do sistema de prote\u00e7\u00e3o eram \u201cinegoci\u00e1veis\u201d \u2013 entre eles, a ida ao pijama com direito ao \u00faltimo sal\u00e1rio da fun\u00e7\u00e3o. Esse ponto ficou de fora, mas mesmo assim houve rea\u00e7\u00e3o \u00e0 reforma.\n<\/p>\n<p>Do total de 70 bilh\u00f5es de reais previstos com o corte de gastos, as propostas que envolvem os fardados representam uma economia de 4 bilh\u00f5es de reais em dois anos. O Tribunal de Contas da Uni\u00e3o (TCU) ataca o privil\u00e9gio dos militares quando v\u00e3o para a reserva e aponta o grupo como o maior respons\u00e1vel pelo rombo na Previd\u00eancia.\n<\/p>\n<p>No entanto, uma das medidas propostas foi vista mais como uma cutucada do que um avan\u00e7o econ\u00f4mico de fato: a que acabou com as pens\u00f5es pagas aos familiares quando os fardados s\u00e3o expulsos ap\u00f3s serem presos ou condenados \u2013 a chamada morte ficta.\n<\/p>\n<p>Atualmente, s\u00e3o menos de 500 militares nessa condi\u00e7\u00e3o de \u201cmorte\u201d dentro das tr\u00eas for\u00e7as, o que representa um gasto de cerca de 40 milh\u00f5es de reais por ano. A medida atinge, portanto, um percentual \u00ednfimo dentro da caserna. \u201c\u00c9 uma medida mais psicol\u00f3gica do que econ\u00f4mica. E tem endere\u00e7o certo: os generais Braga Netto, Mario Sergio e os outros envolvidos\u201d, afirma um importante general. Venceu, portanto, a simbologia.\n<\/p>\n<p>O inc\u00f4modo, neste caso, \u00e9 com o que se considera um revanchismo por parte do governo num momento em que as For\u00e7as Armadas, acossadas pelas investiga\u00e7\u00f5es que atingem militares aliados ao presidente Jair Bolsonaro, est\u00e3o fragilizadas perante a opini\u00e3o p\u00fablica.\n<\/p>\n<p>Al\u00e9m disso, do jeito que est\u00e1, os \u201cex-militares\u201d presos perder\u00e3o o direito a qualquer pens\u00e3o ap\u00f3s cumprirem a pena, mesmo aqueles que pagaram o sistema de prote\u00e7\u00e3o durante toda a carreira.\n<\/p>\n<p>Tamb\u00e9m se busca uma regra de transi\u00e7\u00e3o mais ampla para a adequa\u00e7\u00e3o \u00e0 idade m\u00ednima de 55 anos proposta no texto. Do jeito que est\u00e1, dizem os militares, haver\u00e1 um ac\u00famulo de oficiais que obrigatoriamente v\u00e3o para a reserva quando n\u00e3o s\u00e3o promovidos, mas ter\u00e3o de continuar servindo at\u00e9 atingirem a idade. Enquanto isso, a entrada de novos soldados fica impedida.\n<\/p>\n<p>O presidente Lula at\u00e9 havia acenado ser favor\u00e1vel a uma transi\u00e7\u00e3o maior. No entanto, ele fechou as portas para a negocia\u00e7\u00e3o ap\u00f3s a Marinha divulgar um v\u00eddeo no qual contesta os privil\u00e9gios das For\u00e7as e ataca a vida boa dos civis.<\/p>\n<p>Fonte: Veja              <\/p>\n<\/div>\n<p><br \/>\n<br \/><a href=\"https:\/\/diariodobrasilnoticias.com.br\/noticia\/-militares-percebem-tom-de-revanchismo-e-buscarao-apoio-da-oposicao-contra-as-alteracoes-na-aposentadoria-678e6416de2f0\">Source link <\/a><\/p>","protected":false},"excerpt":{"rendered":"<p>A inclus\u00e3o dos militares no pacote de ajuste fiscal anunciado pelo governo Lula deve gerar uma corrida aos gabinetes dos parlamentares de oposi\u00e7\u00e3o em busca de altera\u00e7\u00f5es no texto. Em&hellip;<\/p>","protected":false},"author":1,"featured_media":93870,"comment_status":"closed","ping_status":"open","sticky":false,"template":"","format":"standard","meta":{"content-type":"","footnotes":""},"categories":[16],"tags":[123,2448,5313,1267],"class_list":["post-93869","post","type-post","status-publish","format-standard","has-post-thumbnail","hentry","category-noticias","tag-brasil","tag-diario","tag-noticia","tag-noticias"],"_links":{"self":[{"href":"https:\/\/tvbrazilusa.com\/pt\/wp-json\/wp\/v2\/posts\/93869","targetHints":{"allow":["GET"]}}],"collection":[{"href":"https:\/\/tvbrazilusa.com\/pt\/wp-json\/wp\/v2\/posts"}],"about":[{"href":"https:\/\/tvbrazilusa.com\/pt\/wp-json\/wp\/v2\/types\/post"}],"author":[{"embeddable":true,"href":"https:\/\/tvbrazilusa.com\/pt\/wp-json\/wp\/v2\/users\/1"}],"replies":[{"embeddable":true,"href":"https:\/\/tvbrazilusa.com\/pt\/wp-json\/wp\/v2\/comments?post=93869"}],"version-history":[{"count":1,"href":"https:\/\/tvbrazilusa.com\/pt\/wp-json\/wp\/v2\/posts\/93869\/revisions"}],"predecessor-version":[{"id":93871,"href":"https:\/\/tvbrazilusa.com\/pt\/wp-json\/wp\/v2\/posts\/93869\/revisions\/93871"}],"wp:featuredmedia":[{"embeddable":true,"href":"https:\/\/tvbrazilusa.com\/pt\/wp-json\/wp\/v2\/media\/93870"}],"wp:attachment":[{"href":"https:\/\/tvbrazilusa.com\/pt\/wp-json\/wp\/v2\/media?parent=93869"}],"wp:term":[{"taxonomy":"category","embeddable":true,"href":"https:\/\/tvbrazilusa.com\/pt\/wp-json\/wp\/v2\/categories?post=93869"},{"taxonomy":"post_tag","embeddable":true,"href":"https:\/\/tvbrazilusa.com\/pt\/wp-json\/wp\/v2\/tags?post=93869"}],"curies":[{"name":"wp","href":"https:\/\/api.w.org\/{rel}","templated":true}]}}