{"id":93874,"date":"2025-01-20T17:06:06","date_gmt":"2025-01-20T17:06:06","guid":{"rendered":"https:\/\/tvbrazilusa.com\/2025\/01\/20\/principio-de-rebeliao-e-registrado-no-presidio-padrao-de-catole-do-rocha-veja-video\/"},"modified":"2025-01-20T17:06:07","modified_gmt":"2025-01-20T17:06:07","slug":"principio-de-rebeliao-e-registrado-no-presidio-padrao-de-catole-do-rocha-veja-video","status":"publish","type":"post","link":"https:\/\/tvbrazilusa.com\/pt\/2025\/01\/20\/principio-de-rebeliao-e-registrado-no-presidio-padrao-de-catole-do-rocha-veja-video\/","title":{"rendered":"Princ\u00edpio de rebeli\u00e3o \u00e9 registrado no Pres\u00eddio Padr\u00e3o de Catol\u00e9 do Rocha; VEJA V\u00cdDEO"},"content":{"rendered":"<p> <script async src=\"https:\/\/pagead2.googlesyndication.com\/pagead\/js\/adsbygoogle.js?client=ca-pub-8864793242727901\"\r\n     crossorigin=\"anonymous\"><\/script><br \/>\n<\/p>\n<div id=\"taboola-read-more\" style=\"display:block; width:100%\">\n<p>onforme apurado pelo\u00a0<a href=\"https:\/\/www.diariodosertao.com.br\/\">Di\u00e1rio do Sert\u00e3o<\/a>\u00a0junto \u00e0 Pol\u00edcia Militar, est\u00e1 havendo briga de fac\u00e7\u00f5es dentro da unidade e at\u00e9 ent\u00e3o os policiais n\u00e3o conseguiram conter a situa\u00e7\u00e3o.\n<\/p>\n<p>Um \u00e1udio de um policial que o\u00a0<a href=\"https:\/\/www.diariodosertao.com.br\/\">Di\u00e1rio do Sert\u00e3o<\/a>\u00a0teve acesso, relata que os apenados \u201cviraram o pres\u00eddio, dominaram\u201d. Ele diz que foi feito pedido de refor\u00e7o. \u201cA gente est\u00e1 aguardando apoio para ver se reverte a situa\u00e7\u00e3o\u201d, pontuou.<\/p>\n<p>O rep\u00f3rter Jan Oliveira, registrou um v\u00eddeo das proximidades da unidade prisional, onde \u00e9 poss\u00edvel ouvir gritos e disparos de arma de fogo.\n<\/p>\n<p>Pol\u00edcia Militar e Corpo de Bombeiros est\u00e3o no local para dar apoio aos policiais penais, mas at\u00e9 o fechamento desta mat\u00e9ria a rebeli\u00e3o ainda persistia.\n<\/p>\n<p>Tamb\u00e9m n\u00e3o se sabe ainda o que teria motivado a rebeli\u00e3o. Ainda de acordo com o rep\u00f3rter Jan Oliveira, as informa\u00e7\u00f5es s\u00e3o de que colch\u00f5es estariam sendo incendiados e que haveria pessoas feridas dentro da unidade. O SAMU tamb\u00e9m est\u00e1 no local aguardando poss\u00edvel atendimento a v\u00edtimas.\n<\/p>\n<p>Jan Oliveira registrou o v\u00eddeo um pouco distante do pres\u00eddio porque segundo ele, o clima \u00e9 tenso no local.\n<\/p>\n<p>O Di\u00e1rio do Sert\u00e3o conversou com o delegado seccional de Catol\u00e9 do Rocha, Miroslav Alencar, o qual relatou que a Pol\u00edcia Penal est\u00e1 a frente do caso e que a pol\u00edcia civil j\u00e1 se colocou \u00e0 disposi\u00e7\u00e3o para apoio e para a lavratura dos procedimentos necess\u00e1rios, por\u00e9m, \u201cainda sem custodiados conduzidos para a delegacia\u201d.\n<\/p>\n<p>ASSISTA:\n<\/p>\n<p>Fonte: Di\u00e1rio do Sert\u00e3o              <\/p>\n<\/div>\n<p><br \/>\n<br \/><a href=\"https:\/\/diariodobrasilnoticias.com.br\/noticia\/principio-de-rebeliao-e-registrado-no-presidio-padrao-de-catole-do-rocha-veja-video-678e66c8c8d50\">Source link <\/a><\/p>","protected":false},"excerpt":{"rendered":"<p>onforme apurado pelo\u00a0Di\u00e1rio do Sert\u00e3o\u00a0junto \u00e0 Pol\u00edcia Militar, est\u00e1 havendo briga de fac\u00e7\u00f5es dentro da unidade e at\u00e9 ent\u00e3o os policiais n\u00e3o conseguiram conter a situa\u00e7\u00e3o. Um \u00e1udio de um&hellip;<\/p>","protected":false},"author":1,"featured_media":93875,"comment_status":"closed","ping_status":"open","sticky":false,"template":"","format":"standard","meta":{"content-type":"","footnotes":""},"categories":[16],"tags":[123,2448,5313,1267],"class_list":["post-93874","post","type-post","status-publish","format-standard","has-post-thumbnail","hentry","category-noticias","tag-brasil","tag-diario","tag-noticia","tag-noticias"],"_links":{"self":[{"href":"https:\/\/tvbrazilusa.com\/pt\/wp-json\/wp\/v2\/posts\/93874","targetHints":{"allow":["GET"]}}],"collection":[{"href":"https:\/\/tvbrazilusa.com\/pt\/wp-json\/wp\/v2\/posts"}],"about":[{"href":"https:\/\/tvbrazilusa.com\/pt\/wp-json\/wp\/v2\/types\/post"}],"author":[{"embeddable":true,"href":"https:\/\/tvbrazilusa.com\/pt\/wp-json\/wp\/v2\/users\/1"}],"replies":[{"embeddable":true,"href":"https:\/\/tvbrazilusa.com\/pt\/wp-json\/wp\/v2\/comments?post=93874"}],"version-history":[{"count":1,"href":"https:\/\/tvbrazilusa.com\/pt\/wp-json\/wp\/v2\/posts\/93874\/revisions"}],"predecessor-version":[{"id":93876,"href":"https:\/\/tvbrazilusa.com\/pt\/wp-json\/wp\/v2\/posts\/93874\/revisions\/93876"}],"wp:featuredmedia":[{"embeddable":true,"href":"https:\/\/tvbrazilusa.com\/pt\/wp-json\/wp\/v2\/media\/93875"}],"wp:attachment":[{"href":"https:\/\/tvbrazilusa.com\/pt\/wp-json\/wp\/v2\/media?parent=93874"}],"wp:term":[{"taxonomy":"category","embeddable":true,"href":"https:\/\/tvbrazilusa.com\/pt\/wp-json\/wp\/v2\/categories?post=93874"},{"taxonomy":"post_tag","embeddable":true,"href":"https:\/\/tvbrazilusa.com\/pt\/wp-json\/wp\/v2\/tags?post=93874"}],"curies":[{"name":"wp","href":"https:\/\/api.w.org\/{rel}","templated":true}]}}