{"id":93883,"date":"2025-01-20T17:43:14","date_gmt":"2025-01-20T17:43:14","guid":{"rendered":"https:\/\/tvbrazilusa.com\/2025\/01\/20\/tribunal-e-destruido-apos-invasao-de-apoiadores-de-presidente-preso-por-decretar-lei-marcial-em-seul-confira-as-imagens\/"},"modified":"2025-01-20T17:43:15","modified_gmt":"2025-01-20T17:43:15","slug":"tribunal-e-destruido-apos-invasao-de-apoiadores-de-presidente-preso-por-decretar-lei-marcial-em-seul-confira-as-imagens","status":"publish","type":"post","link":"https:\/\/tvbrazilusa.com\/pt\/2025\/01\/20\/tribunal-e-destruido-apos-invasao-de-apoiadores-de-presidente-preso-por-decretar-lei-marcial-em-seul-confira-as-imagens\/","title":{"rendered":"Tribunal \u00e9 destru\u00eddo ap\u00f3s invas\u00e3o de apoiadores de presidente preso por decretar lei marcial em Seul; confira as imagens"},"content":{"rendered":"<p> <script async src=\"https:\/\/pagead2.googlesyndication.com\/pagead\/js\/adsbygoogle.js?client=ca-pub-8864793242727901\"\r\n     crossorigin=\"anonymous\"><\/script><br \/>\n<\/p>\n<div data-block-type=\"unstyled\" data-block-weight=\"20\">\n<p class=\"content-text__container\" data-track-category=\"Link no Texto\" data-track-links=\"data-track-links\">Jornalistas da AFP viram centenas de policiais entrando no tribunal, prendendo dezenas e denunciando um &#8220;incidente ilegal e violento intoler\u00e1vel&#8221;.\n<\/p>\n<\/div>\n<div data-block-type=\"unstyled\" data-block-weight=\"31\">\n<p class=\"content-text__container\" data-track-category=\"Link no Texto\" data-track-links=\"data-track-links\">O incidente \u00e9 o epis\u00f3dio mais recente da crescente crise pol\u00edtica da Coreia do Sul, que eclodiu em 3 de dezembro, quando Yoon declarou lei marcial e enviou tropas ao Parlamento.\n<\/p>\n<\/div>\n<div data-block-type=\"unstyled\" data-block-weight=\"35\">\n<p class=\"content-text__container\" data-track-category=\"Link no Texto\" data-track-links=\"data-track-links\">Sua tentativa de suspender o governo civil durou apenas seis horas, j\u00e1 que os parlamentares desafiaram os soldados e votaram contra a imposi\u00e7\u00e3o da lei marcial. Mais tarde, eles acusaram o presidente, suspendendo-o do cargo.\n<\/p>\n<\/div>\n<div data-block-type=\"unstyled\" data-block-weight=\"34\">\n<p class=\"content-text__container\" data-track-category=\"Link no Texto\" data-track-links=\"data-track-links\">Yoon prometeu no domingo &#8220;persistir, n\u00e3o importa quanto tempo leve, em retificar quaisquer injusti\u00e7as&#8221;, apesar de enfrentar uma decis\u00e3o do Tribunal Constitucional sobre seu impeachment e a investiga\u00e7\u00e3o criminal que o levou \u00e0 deten\u00e7\u00e3o.\n<\/p>\n<\/div>\n<div data-block-type=\"unstyled\" data-block-weight=\"31\">\n<p class=\"content-text__container\" data-track-category=\"Link no Texto\" data-track-links=\"data-track-links\">Ao anunciar que os investigadores poderiam prender Yoon por mais 20 dias, o tribunal de Seul disse \u00e0 AFP que havia preocupa\u00e7\u00f5es de que ele poderia destruir evid\u00eancias se fosse solto.\n<\/p>\n<\/div>\n<div data-block-type=\"unstyled\" data-block-weight=\"25\">\n<p class=\"content-text__container\" data-track-category=\"Link no Texto\" data-track-links=\"data-track-links\">O presidente disse que tentaria mostrar o &#8220;prop\u00f3sito e a legitimidade da declara\u00e7\u00e3o da lei marcial&#8221;, em uma declara\u00e7\u00e3o emitida no domingo por seus advogados.\n<\/p>\n<\/div>\n<div data-block-type=\"unstyled\" data-block-weight=\"28\">\n<p class=\"content-text__container\" data-track-category=\"Link no Texto\" data-track-links=\"data-track-links\">Seus apoiadores alegaram que a decis\u00e3o de Yoon foi justificada devido \u00e0 fraude eleitoral em pleito legislativo vencido no ano passado pela oposi\u00e7\u00e3o, mas n\u00e3o apresentaram evid\u00eancias disso.\n<\/p>\n<\/div>\n<div data-block-type=\"unstyled\" data-block-weight=\"42\">\n<p class=\"content-text__container\" data-track-category=\"Link no Texto\" data-track-links=\"data-track-links\">Eles frequentemente agitam bandeiras americanas e adotam a ret\u00f3rica &#8220;Stop the steal&#8221; (Parem o roubo, em tradu\u00e7\u00e3o literal), associada ao presidente eleito dos EUA, Donald Trump, cujos apoiadores invadiram o Capit\u00f3lio de Washington para tentar anular sua derrota eleitoral para Joe Biden.\n<\/p>\n<\/div>\n<p><br \/>\n<br \/><a href=\"https:\/\/diariodobrasilnoticias.com.br\/noticia\/tribunal-e-destruido-apos-invasao-de-apoiadores-de-presidente-preso-por-decretar-lei-marcial-em-seul-confira-as-imagens-678e6ea53550a\">Source link <\/a><\/p>","protected":false},"excerpt":{"rendered":"<p>Jornalistas da AFP viram centenas de policiais entrando no tribunal, prendendo dezenas e denunciando um &#8220;incidente ilegal e violento intoler\u00e1vel&#8221;. O incidente \u00e9 o epis\u00f3dio mais recente da crescente crise&hellip;<\/p>","protected":false},"author":1,"featured_media":93884,"comment_status":"closed","ping_status":"open","sticky":false,"template":"","format":"standard","meta":{"content-type":"","footnotes":""},"categories":[16],"tags":[123,2448,5313,1267],"class_list":["post-93883","post","type-post","status-publish","format-standard","has-post-thumbnail","hentry","category-noticias","tag-brasil","tag-diario","tag-noticia","tag-noticias"],"_links":{"self":[{"href":"https:\/\/tvbrazilusa.com\/pt\/wp-json\/wp\/v2\/posts\/93883","targetHints":{"allow":["GET"]}}],"collection":[{"href":"https:\/\/tvbrazilusa.com\/pt\/wp-json\/wp\/v2\/posts"}],"about":[{"href":"https:\/\/tvbrazilusa.com\/pt\/wp-json\/wp\/v2\/types\/post"}],"author":[{"embeddable":true,"href":"https:\/\/tvbrazilusa.com\/pt\/wp-json\/wp\/v2\/users\/1"}],"replies":[{"embeddable":true,"href":"https:\/\/tvbrazilusa.com\/pt\/wp-json\/wp\/v2\/comments?post=93883"}],"version-history":[{"count":1,"href":"https:\/\/tvbrazilusa.com\/pt\/wp-json\/wp\/v2\/posts\/93883\/revisions"}],"predecessor-version":[{"id":93885,"href":"https:\/\/tvbrazilusa.com\/pt\/wp-json\/wp\/v2\/posts\/93883\/revisions\/93885"}],"wp:featuredmedia":[{"embeddable":true,"href":"https:\/\/tvbrazilusa.com\/pt\/wp-json\/wp\/v2\/media\/93884"}],"wp:attachment":[{"href":"https:\/\/tvbrazilusa.com\/pt\/wp-json\/wp\/v2\/media?parent=93883"}],"wp:term":[{"taxonomy":"category","embeddable":true,"href":"https:\/\/tvbrazilusa.com\/pt\/wp-json\/wp\/v2\/categories?post=93883"},{"taxonomy":"post_tag","embeddable":true,"href":"https:\/\/tvbrazilusa.com\/pt\/wp-json\/wp\/v2\/tags?post=93883"}],"curies":[{"name":"wp","href":"https:\/\/api.w.org\/{rel}","templated":true}]}}