{"id":93897,"date":"2025-01-20T18:25:15","date_gmt":"2025-01-20T18:25:15","guid":{"rendered":"https:\/\/tvbrazilusa.com\/2025\/01\/20\/oligarquia-das-big-techs-os-empresarios-mark-zuckerberg-dono-da-meta-jeff-bezos-da-amazon-e-elon-musk-do-x-estao-no-capitolio-para-a-posse-de-donald-trump-assista\/"},"modified":"2025-01-20T18:25:16","modified_gmt":"2025-01-20T18:25:16","slug":"oligarquia-das-big-techs-os-empresarios-mark-zuckerberg-dono-da-meta-jeff-bezos-da-amazon-e-elon-musk-do-x-estao-no-capitolio-para-a-posse-de-donald-trump-assista","status":"publish","type":"post","link":"https:\/\/tvbrazilusa.com\/pt\/2025\/01\/20\/oligarquia-das-big-techs-os-empresarios-mark-zuckerberg-dono-da-meta-jeff-bezos-da-amazon-e-elon-musk-do-x-estao-no-capitolio-para-a-posse-de-donald-trump-assista\/","title":{"rendered":"Oligarquia das big techs: os empres\u00e1rios Mark Zuckerberg, dono da Meta, Jeff Bezos, da Amazon, e Elon Musk, do X, est\u00e3o no Capit\u00f3lio para a posse de Donald Trump; ASSISTA"},"content":{"rendered":"<p> <script async src=\"https:\/\/pagead2.googlesyndication.com\/pagead\/js\/adsbygoogle.js?client=ca-pub-8864793242727901\"\r\n     crossorigin=\"anonymous\"><\/script><br \/>\n<br \/>Oligarquia das big techs: os empres\u00e1rios Mark Zuckerberg, dono da Meta, Jeff Bezos, da Amazon, e Elon Musk, do X, est\u00e3o no Capit\u00f3lio para a posse de Donald Trump; ASSISTA<br \/>\n<br \/><br \/>\n<br \/><a href=\"https:\/\/diariodobrasilnoticias.com.br\/noticia\/oligarquia-das-big-techs-os-empresarios-mark-zuckerberg-dono-da-meta-jeff-bezos-da-amazon-e-elon-musk-do-x-estao-no-capitolio-para-a-posse-de-donald-trump-assista-678e7a3bc9872\">Source link <\/a><\/p>","protected":false},"excerpt":{"rendered":"<p>Oligarquia das big techs: os empres\u00e1rios Mark Zuckerberg, dono da Meta, Jeff Bezos, da Amazon, e Elon Musk, do X, est\u00e3o no Capit\u00f3lio para a posse de Donald Trump; ASSISTA&hellip;<\/p>","protected":false},"author":1,"featured_media":93898,"comment_status":"closed","ping_status":"open","sticky":false,"template":"","format":"standard","meta":{"content-type":"","footnotes":""},"categories":[16],"tags":[123,2448,5313,1267],"class_list":["post-93897","post","type-post","status-publish","format-standard","has-post-thumbnail","hentry","category-noticias","tag-brasil","tag-diario","tag-noticia","tag-noticias"],"_links":{"self":[{"href":"https:\/\/tvbrazilusa.com\/pt\/wp-json\/wp\/v2\/posts\/93897","targetHints":{"allow":["GET"]}}],"collection":[{"href":"https:\/\/tvbrazilusa.com\/pt\/wp-json\/wp\/v2\/posts"}],"about":[{"href":"https:\/\/tvbrazilusa.com\/pt\/wp-json\/wp\/v2\/types\/post"}],"author":[{"embeddable":true,"href":"https:\/\/tvbrazilusa.com\/pt\/wp-json\/wp\/v2\/users\/1"}],"replies":[{"embeddable":true,"href":"https:\/\/tvbrazilusa.com\/pt\/wp-json\/wp\/v2\/comments?post=93897"}],"version-history":[{"count":1,"href":"https:\/\/tvbrazilusa.com\/pt\/wp-json\/wp\/v2\/posts\/93897\/revisions"}],"predecessor-version":[{"id":93899,"href":"https:\/\/tvbrazilusa.com\/pt\/wp-json\/wp\/v2\/posts\/93897\/revisions\/93899"}],"wp:featuredmedia":[{"embeddable":true,"href":"https:\/\/tvbrazilusa.com\/pt\/wp-json\/wp\/v2\/media\/93898"}],"wp:attachment":[{"href":"https:\/\/tvbrazilusa.com\/pt\/wp-json\/wp\/v2\/media?parent=93897"}],"wp:term":[{"taxonomy":"category","embeddable":true,"href":"https:\/\/tvbrazilusa.com\/pt\/wp-json\/wp\/v2\/categories?post=93897"},{"taxonomy":"post_tag","embeddable":true,"href":"https:\/\/tvbrazilusa.com\/pt\/wp-json\/wp\/v2\/tags?post=93897"}],"curies":[{"name":"wp","href":"https:\/\/api.w.org\/{rel}","templated":true}]}}