{"id":93903,"date":"2025-01-20T18:50:42","date_gmt":"2025-01-20T18:50:42","guid":{"rendered":"https:\/\/tvbrazilusa.com\/2025\/01\/20\/deputados-brasileiros-que-estao-em-washington-participaram-de-uma-reuniao-neste-domingo-19-com-o-presidente-do-conservative-caucus-veja-video\/"},"modified":"2025-01-20T18:50:43","modified_gmt":"2025-01-20T18:50:43","slug":"deputados-brasileiros-que-estao-em-washington-participaram-de-uma-reuniao-neste-domingo-19-com-o-presidente-do-conservative-caucus-veja-video","status":"publish","type":"post","link":"https:\/\/tvbrazilusa.com\/pt\/2025\/01\/20\/deputados-brasileiros-que-estao-em-washington-participaram-de-uma-reuniao-neste-domingo-19-com-o-presidente-do-conservative-caucus-veja-video\/","title":{"rendered":"Deputados brasileiros que est\u00e3o em Washington participaram de uma reuni\u00e3o neste domingo (19) com o presidente do Conservative Caucus; VEJA V\u00cdDEO"},"content":{"rendered":"<p> <script async src=\"https:\/\/pagead2.googlesyndication.com\/pagead\/js\/adsbygoogle.js?client=ca-pub-8864793242727901\"\r\n     crossorigin=\"anonymous\"><\/script><br \/>\n<\/p>\n<div id=\"taboola-read-more\" style=\"display:block; width:100%\">\n<p>Deputados brasileiros que est\u00e3o em Washington participaram de uma reuni\u00e3o neste domingo (19) com o presidente do Conservative Caucus, um bloco conservador dos EUAs, Jim Pfaf. O ex-presidente Jair Bolsonaro (PL) foi inclu\u00eddo no encontro por uma chamada de v\u00eddeo.\n<\/p>\n<p>ASSISTA:<\/p>\n<p>Fonte: Folha de S. Paulo              <\/p>\n<\/div>\n<p><br \/>\n<br \/><a href=\"https:\/\/diariodobrasilnoticias.com.br\/noticia\/deputados-brasileiros-que-estao-em-washington-participaram-de-uma-reuniao-neste-domingo-19-com-o-presidente-do-conservative-caucus-veja-video-678e7cb573253\">Source link <\/a><\/p>","protected":false},"excerpt":{"rendered":"<p>Deputados brasileiros que est\u00e3o em Washington participaram de uma reuni\u00e3o neste domingo (19) com o presidente do Conservative Caucus, um bloco conservador dos EUAs, Jim Pfaf. O ex-presidente Jair Bolsonaro&hellip;<\/p>","protected":false},"author":1,"featured_media":93904,"comment_status":"closed","ping_status":"open","sticky":false,"template":"","format":"standard","meta":{"content-type":"","footnotes":""},"categories":[16],"tags":[123,2448,5313,1267],"class_list":["post-93903","post","type-post","status-publish","format-standard","has-post-thumbnail","hentry","category-noticias","tag-brasil","tag-diario","tag-noticia","tag-noticias"],"_links":{"self":[{"href":"https:\/\/tvbrazilusa.com\/pt\/wp-json\/wp\/v2\/posts\/93903","targetHints":{"allow":["GET"]}}],"collection":[{"href":"https:\/\/tvbrazilusa.com\/pt\/wp-json\/wp\/v2\/posts"}],"about":[{"href":"https:\/\/tvbrazilusa.com\/pt\/wp-json\/wp\/v2\/types\/post"}],"author":[{"embeddable":true,"href":"https:\/\/tvbrazilusa.com\/pt\/wp-json\/wp\/v2\/users\/1"}],"replies":[{"embeddable":true,"href":"https:\/\/tvbrazilusa.com\/pt\/wp-json\/wp\/v2\/comments?post=93903"}],"version-history":[{"count":1,"href":"https:\/\/tvbrazilusa.com\/pt\/wp-json\/wp\/v2\/posts\/93903\/revisions"}],"predecessor-version":[{"id":93905,"href":"https:\/\/tvbrazilusa.com\/pt\/wp-json\/wp\/v2\/posts\/93903\/revisions\/93905"}],"wp:featuredmedia":[{"embeddable":true,"href":"https:\/\/tvbrazilusa.com\/pt\/wp-json\/wp\/v2\/media\/93904"}],"wp:attachment":[{"href":"https:\/\/tvbrazilusa.com\/pt\/wp-json\/wp\/v2\/media?parent=93903"}],"wp:term":[{"taxonomy":"category","embeddable":true,"href":"https:\/\/tvbrazilusa.com\/pt\/wp-json\/wp\/v2\/categories?post=93903"},{"taxonomy":"post_tag","embeddable":true,"href":"https:\/\/tvbrazilusa.com\/pt\/wp-json\/wp\/v2\/tags?post=93903"}],"curies":[{"name":"wp","href":"https:\/\/api.w.org\/{rel}","templated":true}]}}