{"id":93908,"date":"2025-01-20T19:08:25","date_gmt":"2025-01-20T19:08:25","guid":{"rendered":"https:\/\/tvbrazilusa.com\/2025\/01\/20\/mulher-e-flagrada-presa-dentro-de-porta-malas-de-carro-veja-video\/"},"modified":"2025-01-20T19:08:26","modified_gmt":"2025-01-20T19:08:26","slug":"mulher-e-flagrada-presa-dentro-de-porta-malas-de-carro-veja-video","status":"publish","type":"post","link":"https:\/\/tvbrazilusa.com\/pt\/2025\/01\/20\/mulher-e-flagrada-presa-dentro-de-porta-malas-de-carro-veja-video\/","title":{"rendered":"Mulher \u00e9 flagrada presa dentro de porta-malas de carro; VEJA V\u00cdDEO"},"content":{"rendered":"<p> <script async src=\"https:\/\/pagead2.googlesyndication.com\/pagead\/js\/adsbygoogle.js?client=ca-pub-8864793242727901\"\r\n     crossorigin=\"anonymous\"><\/script><br \/>\n<\/p>\n<div id=\"taboola-read-more\" style=\"display:block; width:100%\">\n<p>Um v\u00eddeo que circula nas redes sociais tem chamado a aten\u00e7\u00e3o dos moradores da rua Itaparatim, localizada no bairro Jardim Presidente Dutra, em Guarulhos, S\u00e3o Paulo. A cena, registrada por uma moradora da rua, aparenta ser um sequestro.\n<\/p>\n<p>De acordo com o relato da testemunha ao jornal\u00a0<em>O Hoje<\/em>, de Guarulhos, uma mulher estava presa dentro de um porta-malas de um ve\u00edculo.<\/p>\n<p>Em determinado momento, um homem abriu o compartimento e verificou a condi\u00e7\u00e3o da mulher. Em seguida, fechou o porta-malas. Ele fez isso para evitar que outras pessoas vissem o ocorrido.\n<\/p>\n<p>O v\u00eddeo causou preocupa\u00e7\u00e3o entre os moradores da regi\u00e3o. Nas redes sociais, surgiram questionamentos sobre o motivo de a testemunha ter gravado a cena. Muitos questionaram por que ela n\u00e3o ligou para o 190 e denunciou.\n<\/p>\n<div class=\"autozep-outer\">Viol\u00eancia no Aeroporto de Guarulhos<br \/>Em dezembro, o munic\u00edpio de Guarulhos passou a figurar notici\u00e1rios nacionais depois da Pol\u00edcia Civil revelar um esquema criminoso de extors\u00e3o de supostos motoristas de aplicativo no Aeroporto Internacional de S\u00e3o Paulo, localizado no bairro de Cumbica.<\/div>\n<div class=\"autozep-outer\">\n<p>Os chamados \u201carrastadores\u201d atuaram de forma coordenada e coagiram passageiros a pagar valores exorbitantes, que chegaram a ser 70 vezes o pre\u00e7o normal da corrida. Al\u00e9m das amea\u00e7as verbais, os criminosos intimidaram taxistas e motoristas de aplicativo que trabalhavam dentro da legalidade.\n<\/p>\n<p>A prefeitura de Guarulhos declarou que, em 2024, mais de 120 ve\u00edculos clandestinos j\u00e1 haviam sido apreendidos na regi\u00e3o. Uma das v\u00edtimas afirmou que foi cobrada em R$ 4,9 mil por uma corrida que normalmente custaria R$ 70. Outra testemunha relatou ter recebido uma liga\u00e7\u00e3o de um golpista que amea\u00e7ou reter seu filho, caso ela n\u00e3o transferisse R$ 700.\n<\/p>\n<p>\u00a0<\/p>\n<p>Fonte: Revista Oeste<\/p>\n<\/div><\/div>\n<p><br \/>\n<br \/><a href=\"https:\/\/diariodobrasilnoticias.com.br\/noticia\/mulher-e-flagrada-presa-dentro-de-porta-malas-de-carro-veja-video-678e7ecf62d95\">Source link <\/a><\/p>","protected":false},"excerpt":{"rendered":"<p>Um v\u00eddeo que circula nas redes sociais tem chamado a aten\u00e7\u00e3o dos moradores da rua Itaparatim, localizada no bairro Jardim Presidente Dutra, em Guarulhos, S\u00e3o Paulo. A cena, registrada por&hellip;<\/p>","protected":false},"author":1,"featured_media":93909,"comment_status":"closed","ping_status":"open","sticky":false,"template":"","format":"standard","meta":{"content-type":"","footnotes":""},"categories":[16],"tags":[123,2448,5313,1267],"class_list":["post-93908","post","type-post","status-publish","format-standard","has-post-thumbnail","hentry","category-noticias","tag-brasil","tag-diario","tag-noticia","tag-noticias"],"_links":{"self":[{"href":"https:\/\/tvbrazilusa.com\/pt\/wp-json\/wp\/v2\/posts\/93908","targetHints":{"allow":["GET"]}}],"collection":[{"href":"https:\/\/tvbrazilusa.com\/pt\/wp-json\/wp\/v2\/posts"}],"about":[{"href":"https:\/\/tvbrazilusa.com\/pt\/wp-json\/wp\/v2\/types\/post"}],"author":[{"embeddable":true,"href":"https:\/\/tvbrazilusa.com\/pt\/wp-json\/wp\/v2\/users\/1"}],"replies":[{"embeddable":true,"href":"https:\/\/tvbrazilusa.com\/pt\/wp-json\/wp\/v2\/comments?post=93908"}],"version-history":[{"count":1,"href":"https:\/\/tvbrazilusa.com\/pt\/wp-json\/wp\/v2\/posts\/93908\/revisions"}],"predecessor-version":[{"id":93910,"href":"https:\/\/tvbrazilusa.com\/pt\/wp-json\/wp\/v2\/posts\/93908\/revisions\/93910"}],"wp:featuredmedia":[{"embeddable":true,"href":"https:\/\/tvbrazilusa.com\/pt\/wp-json\/wp\/v2\/media\/93909"}],"wp:attachment":[{"href":"https:\/\/tvbrazilusa.com\/pt\/wp-json\/wp\/v2\/media?parent=93908"}],"wp:term":[{"taxonomy":"category","embeddable":true,"href":"https:\/\/tvbrazilusa.com\/pt\/wp-json\/wp\/v2\/categories?post=93908"},{"taxonomy":"post_tag","embeddable":true,"href":"https:\/\/tvbrazilusa.com\/pt\/wp-json\/wp\/v2\/tags?post=93908"}],"curies":[{"name":"wp","href":"https:\/\/api.w.org\/{rel}","templated":true}]}}