{"id":93981,"date":"2025-01-20T23:13:33","date_gmt":"2025-01-20T23:13:33","guid":{"rendered":"https:\/\/tvbrazilusa.com\/2025\/01\/20\/quem-foi-o-presidente-mckinley-citado-por-trump-em-sua-posse\/"},"modified":"2025-01-20T23:13:34","modified_gmt":"2025-01-20T23:13:34","slug":"quem-foi-o-presidente-mckinley-citado-por-trump-em-sua-posse","status":"publish","type":"post","link":"https:\/\/tvbrazilusa.com\/pt\/2025\/01\/20\/quem-foi-o-presidente-mckinley-citado-por-trump-em-sua-posse\/","title":{"rendered":"Quem foi o presidente McKinley, citado por Trump em sua posse"},"content":{"rendered":"<p> <script async src=\"https:\/\/pagead2.googlesyndication.com\/pagead\/js\/adsbygoogle.js?client=ca-pub-8864793242727901\"\r\n     crossorigin=\"anonymous\"><\/script><br \/>\n<\/p>\n<div id=\"taboola-read-more\" style=\"display:block; width:100%\">\n<p>Na cerim\u00f4nia de posse desta segunda-feira, 20, o presidente dos Estados Unidos, Donald Trump, anunciou que o Monte Denali passar\u00e1 a se chamar Monte McKinley, em homenagem ao 25\u00ba presidente do pa\u00eds, William McKinley. O monte fica no Estado do Alasca.\n<\/p>\n<p>McKinley serviu como mandat\u00e1rio de 1897 at\u00e9 seu assassinato, em 1901. Nascido em 29 de janeiro de 1843, em Niles, Ohio, o presidente iniciou sua carreira pol\u00edtica depois de servir como soldado na Guerra Civil Americana.<\/p>\n<p>Trajet\u00f3ria de McKinley\n<\/p>\n<p>Eleito pelo Partido Republicano, destacou-se por suas pol\u00edticas econ\u00f4micas. A Tarifa Dingley, aprovada em 1897, elevou as tarifas de importa\u00e7\u00e3o a n\u00edveis recordes, protegendo a ind\u00fastria americana da concorr\u00eancia estrangeira.\n<\/p>\n<p>Essa pol\u00edtica foi central para o crescimento industrial do pa\u00eds, embora tenha aumentado o custo de produtos importados, gerando cr\u00edticas de consumidores e comerciantes.\n<\/p>\n<p>No caso do padr\u00e3o-ouro, McKinley rejeitou propostas de bimetalismo, que previam a inclus\u00e3o da prata como lastro monet\u00e1rio. A pol\u00edtica foi oficializada com a aprova\u00e7\u00e3o da Lei do Padr\u00e3o-Ouro, em 1900, garantindo que a moeda americana fosse respaldada exclusivamente por reservas de ouro.\n<\/p>\n<p>Essa decis\u00e3o trouxe estabilidade \u00e0 economia e atraiu investimentos estrangeiros, mas enfrentou oposi\u00e7\u00e3o de setores como agricultores e trabalhadores, que defendiam uma maior circula\u00e7\u00e3o de moeda para impulsionar a economia.\n<\/p>\n<p>Durante seu mandato, os Estados Unidos travaram a Guerra Hispano-Americana em 1898, resultando na anexa\u00e7\u00e3o de territ\u00f3rios como Porto Rico, Guam e Filipinas, marcando a expans\u00e3o imperial americana.\n<\/p>\n<p>Assassinato<br \/>Em 6 de setembro de 1901, McKinley foi baleado pelo anarquista Leon Czolgosz durante um evento p\u00fablico em Buffalo, Nova York, vindo a falecer em 14 de setembro do mesmo ano.\n<\/p>\n<p>McKinley foi reeleito em 1900 e gostava de se encontrar com o p\u00fablico, recusando medidas de seguran\u00e7a. O secret\u00e1rio George B. Cortelyou, preocupado com um poss\u00edvel atentado, removeu a visita ao Temple of Music da agenda duas vezes, mas McKinley insistiu em mant\u00ea-la.\n<\/p>\n<p>Anarquistas j\u00e1 haviam assassinado l\u00edderes estrangeiros, e Czolgosz, desempregado desde o P\u00e2nico de 1893, adotou o anarquismo. Vendo McKinley como s\u00edmbolo da opress\u00e3o, decidiu mat\u00e1-lo. Sem conseguir se aproximar antes, Czolgosz atirou duas vezes no presidente durante uma recep\u00e7\u00e3o no Temple of Music. Uma bala o feriu superficialmente, mas outra atingiu seu abd\u00f4men e nunca foi encontrada.\n<\/p>\n<p>A morte de Mckinley resultou na ascens\u00e3o de Theodore Roosevelt \u00e0 presid\u00eancia.\n<\/p>\n<p>Fonte: Revista Oeste              <\/p>\n<\/div>\n<p><br \/>\n<br \/><a href=\"https:\/\/diariodobrasilnoticias.com.br\/noticia\/quem-foi-o-presidente-mckinley-citado-por-trump-em-sua-posse-678eb92a2254d\">Source link <\/a><\/p>","protected":false},"excerpt":{"rendered":"<p>Na cerim\u00f4nia de posse desta segunda-feira, 20, o presidente dos Estados Unidos, Donald Trump, anunciou que o Monte Denali passar\u00e1 a se chamar Monte McKinley, em homenagem ao 25\u00ba presidente&hellip;<\/p>","protected":false},"author":1,"featured_media":93982,"comment_status":"closed","ping_status":"open","sticky":false,"template":"","format":"standard","meta":{"content-type":"","footnotes":""},"categories":[16],"tags":[123,2448,5313,1267],"class_list":["post-93981","post","type-post","status-publish","format-standard","has-post-thumbnail","hentry","category-noticias","tag-brasil","tag-diario","tag-noticia","tag-noticias"],"_links":{"self":[{"href":"https:\/\/tvbrazilusa.com\/pt\/wp-json\/wp\/v2\/posts\/93981","targetHints":{"allow":["GET"]}}],"collection":[{"href":"https:\/\/tvbrazilusa.com\/pt\/wp-json\/wp\/v2\/posts"}],"about":[{"href":"https:\/\/tvbrazilusa.com\/pt\/wp-json\/wp\/v2\/types\/post"}],"author":[{"embeddable":true,"href":"https:\/\/tvbrazilusa.com\/pt\/wp-json\/wp\/v2\/users\/1"}],"replies":[{"embeddable":true,"href":"https:\/\/tvbrazilusa.com\/pt\/wp-json\/wp\/v2\/comments?post=93981"}],"version-history":[{"count":1,"href":"https:\/\/tvbrazilusa.com\/pt\/wp-json\/wp\/v2\/posts\/93981\/revisions"}],"predecessor-version":[{"id":93983,"href":"https:\/\/tvbrazilusa.com\/pt\/wp-json\/wp\/v2\/posts\/93981\/revisions\/93983"}],"wp:featuredmedia":[{"embeddable":true,"href":"https:\/\/tvbrazilusa.com\/pt\/wp-json\/wp\/v2\/media\/93982"}],"wp:attachment":[{"href":"https:\/\/tvbrazilusa.com\/pt\/wp-json\/wp\/v2\/media?parent=93981"}],"wp:term":[{"taxonomy":"category","embeddable":true,"href":"https:\/\/tvbrazilusa.com\/pt\/wp-json\/wp\/v2\/categories?post=93981"},{"taxonomy":"post_tag","embeddable":true,"href":"https:\/\/tvbrazilusa.com\/pt\/wp-json\/wp\/v2\/tags?post=93981"}],"curies":[{"name":"wp","href":"https:\/\/api.w.org\/{rel}","templated":true}]}}