{"id":93989,"date":"2025-01-20T23:42:06","date_gmt":"2025-01-20T23:42:06","guid":{"rendered":"https:\/\/tvbrazilusa.com\/2025\/01\/20\/enquanto-trump-tomava-posse-lula-afirmou-que-sua-causa-em-2025-sera-evitar-o-retorno-de-bolsonaro\/"},"modified":"2025-01-20T23:42:07","modified_gmt":"2025-01-20T23:42:07","slug":"enquanto-trump-tomava-posse-lula-afirmou-que-sua-causa-em-2025-sera-evitar-o-retorno-de-bolsonaro","status":"publish","type":"post","link":"https:\/\/tvbrazilusa.com\/pt\/2025\/01\/20\/enquanto-trump-tomava-posse-lula-afirmou-que-sua-causa-em-2025-sera-evitar-o-retorno-de-bolsonaro\/","title":{"rendered":"Enquanto Trump tomava posse, Lula afirmou que sua causa em 2025 ser\u00e1 evitar o retorno de Bolsonaro"},"content":{"rendered":"<p> <script async src=\"https:\/\/pagead2.googlesyndication.com\/pagead\/js\/adsbygoogle.js?client=ca-pub-8864793242727901\"\r\n     crossorigin=\"anonymous\"><\/script><br \/>\n<\/p>\n<div>\n<figure class=\"post-image\">\n<\/figure>\n<p>            <span style=\"font-size: 12px\">Reprodu\u00e7\u00e3o<\/span><\/p>\n<p>            <!-- end metas --><br \/>\n            <!-- ADS --><\/p>\n<div id=\"taboola-read-more\" style=\"display:block; width:100%\">\n<p>O presidente Luiz In\u00e1cio Lula da Silva (PT) afirmou nesta segunda-feira (20) que sua principal motiva\u00e7\u00e3o em 2025 ser\u00e1 evitar a volta de Jair Bolsonaro (PL) \u00e0 Presid\u00eancia em 2026.Jai\n<\/p>\n<p>Durante a abertura da 1\u00aa reuni\u00e3o ministerial do ano, Lula externou que o governo precisa garantir que o Brasil continue sendo um pa\u00eds democr\u00e1tico e que sua gest\u00e3o atenda \u00e0s demandas da popula\u00e7\u00e3o mais vulner\u00e1vel.<\/p>\n<p>\u201cTenho uma causa e essa causa \u00e9 o que vai me motivar em 2025. A causa \u00e9 a gente n\u00e3o permitir, em hip\u00f3tese alguma, que esse pa\u00eds volte ao horror do que foi o mandato do nosso antecessor. Para a gente garantir que a democracia vai prevalecer nesse pa\u00eds\u201d, declarou o presidente.\n<\/p>\n<p>Lula disse aos ministros que h\u00e1 uma movimenta\u00e7\u00e3o acelerada dos advers\u00e1rios pol\u00edticos e mencionou que, embora o governo n\u00e3o deva antecipar o calend\u00e1rio eleitoral, precisa focar no trabalho e na entrega de resultados \u00e0 popula\u00e7\u00e3o. \u201c2026 j\u00e1 come\u00e7ou para eles. E n\u00f3s n\u00e3o podemos antecipar a campanha porque a nossa campanha \u00e9 trabalhar, trabalhar e entregar para o povo aquilo que ele precisa\u201d, disse.\n<\/p>\n<p>O presidente tamb\u00e9m pediu aten\u00e7\u00e3o redobrada aos atos registrados em 8 de janeiro de 2023, quando bolsonaristas invadiram sedes dos Tr\u00eas Poderes em Bras\u00edlia. Lula alegou que \u00e9 necess\u00e1rio consolidar a democracia e evitar retrocessos: \u201cTodos sabemos o que foi o 8 de Janeiro e o que poderia ter acontecido neste pa\u00eds se tivesse dado certo\u201d.\n<\/p>\n<p>Fonte: Conex\u00e3o Pol\u00edtica              <\/p>\n<\/div>\n<p>                        <!-- Scripts para conteudo --><\/p>\n<p>            <!-- .\/Scripts para conteudo --><br \/>\n            <!-- .\/Mat\u00e9ria --><\/p>\n<div class=\"row mt-3\">\n<div class=\"col-sm-6\">\n                <!-- Whatsapp channel 3--><br \/>\n                <a href=\"https:\/\/chat.whatsapp.com\/B8Qy6Erx4kb6yTzj3kaDco\" target=\"_blank\"><br \/>\n                  <img decoding=\"async\" src=\"https:\/\/diariodobrasilnoticias.com.br\/assets-site\/images\/bot_whatsapp.png\"\/><\/a>\n              <\/div>\n<div class=\"col-sm-6\">\n                <a href=\"https:\/\/t.me\/+_4gTmi5LKo03OTM5\" target=\"_blank\"><br \/>\n                  <img decoding=\"async\" src=\"https:\/\/diariodobrasilnoticias.com.br\/assets-site\/images\/bot_telegram.png\"\/><\/a>\n              <\/div>\n<\/p><\/div>\n<p>            <!-- end post-navigation --><\/p>\n<p>              <!-- end row --><\/p>\n<p>              <!-- end col-12-->\n                      <\/div>\n<p><br \/>\n<br \/><a href=\"https:\/\/diariodobrasilnoticias.com.br\/noticia\/enquanto-trump-tomava-posse-lula-afirmou-que-sua-causa-em-2025-sera-evitar-o-retorno-de-bolsonaro-678ebd03512de\">Source link <\/a><\/p>","protected":false},"excerpt":{"rendered":"<p>Reprodu\u00e7\u00e3o O presidente Luiz In\u00e1cio Lula da Silva (PT) afirmou nesta segunda-feira (20) que sua principal motiva\u00e7\u00e3o em 2025 ser\u00e1 evitar a volta de Jair Bolsonaro (PL) \u00e0 Presid\u00eancia em&hellip;<\/p>","protected":false},"author":1,"featured_media":93990,"comment_status":"closed","ping_status":"open","sticky":false,"template":"","format":"standard","meta":{"content-type":"","footnotes":""},"categories":[16],"tags":[123,2448,5313,1267],"class_list":["post-93989","post","type-post","status-publish","format-standard","has-post-thumbnail","hentry","category-noticias","tag-brasil","tag-diario","tag-noticia","tag-noticias"],"_links":{"self":[{"href":"https:\/\/tvbrazilusa.com\/pt\/wp-json\/wp\/v2\/posts\/93989","targetHints":{"allow":["GET"]}}],"collection":[{"href":"https:\/\/tvbrazilusa.com\/pt\/wp-json\/wp\/v2\/posts"}],"about":[{"href":"https:\/\/tvbrazilusa.com\/pt\/wp-json\/wp\/v2\/types\/post"}],"author":[{"embeddable":true,"href":"https:\/\/tvbrazilusa.com\/pt\/wp-json\/wp\/v2\/users\/1"}],"replies":[{"embeddable":true,"href":"https:\/\/tvbrazilusa.com\/pt\/wp-json\/wp\/v2\/comments?post=93989"}],"version-history":[{"count":1,"href":"https:\/\/tvbrazilusa.com\/pt\/wp-json\/wp\/v2\/posts\/93989\/revisions"}],"predecessor-version":[{"id":93991,"href":"https:\/\/tvbrazilusa.com\/pt\/wp-json\/wp\/v2\/posts\/93989\/revisions\/93991"}],"wp:featuredmedia":[{"embeddable":true,"href":"https:\/\/tvbrazilusa.com\/pt\/wp-json\/wp\/v2\/media\/93990"}],"wp:attachment":[{"href":"https:\/\/tvbrazilusa.com\/pt\/wp-json\/wp\/v2\/media?parent=93989"}],"wp:term":[{"taxonomy":"category","embeddable":true,"href":"https:\/\/tvbrazilusa.com\/pt\/wp-json\/wp\/v2\/categories?post=93989"},{"taxonomy":"post_tag","embeddable":true,"href":"https:\/\/tvbrazilusa.com\/pt\/wp-json\/wp\/v2\/tags?post=93989"}],"curies":[{"name":"wp","href":"https:\/\/api.w.org\/{rel}","templated":true}]}}