{"id":93995,"date":"2025-01-21T00:07:03","date_gmt":"2025-01-21T00:07:03","guid":{"rendered":"https:\/\/tvbrazilusa.com\/2025\/01\/21\/pf-prende-dois-homens-com-mais-de-r-1-milhao-em-especie\/"},"modified":"2025-01-21T00:07:05","modified_gmt":"2025-01-21T00:07:05","slug":"pf-prende-dois-homens-com-mais-de-r-1-milhao-em-especie","status":"publish","type":"post","link":"https:\/\/tvbrazilusa.com\/pt\/2025\/01\/21\/pf-prende-dois-homens-com-mais-de-r-1-milhao-em-especie\/","title":{"rendered":"PF prende dois homens com mais de R$ 1 milh\u00e3o em esp\u00e9cie"},"content":{"rendered":"<p> <script async src=\"https:\/\/pagead2.googlesyndication.com\/pagead\/js\/adsbygoogle.js?client=ca-pub-8864793242727901\"\r\n     crossorigin=\"anonymous\"><\/script><br \/>\n<\/p>\n<div id=\"taboola-read-more\" style=\"display:block; width:100%\">\n<p>A Pol\u00edcia Federal prendeu na \u00faltima sexta-feira (17) dois indiv\u00edduos com cerca de R$ 1,1 milh\u00e3o em esp\u00e9cie em Bel\u00e9m (PA). Um dos presos trabalha como assessor parlamentar. O outro atua como representante comercial.\n<\/p>\n<p>A informa\u00e7\u00e3o sobre as pris\u00f5es foi divulgada nesta segunda-feira (20). O nome do pol\u00edtico para o qual o assessor presta servi\u00e7o n\u00e3o foi divulgado pela PF.<\/p>\n<p>Segundo a PF, o dinheiro foi apreendido logo ap\u00f3s um saque realizado em uma ag\u00eancia banc\u00e1ria no bairro Umarizal. Al\u00e9m da quantia, foram confiscados dois ve\u00edculos \u2013um deles blindado\u2013, al\u00e9m de celulares e documentos.\n<\/p>\n<p>A Pol\u00edcia Federal informa que o alto valor sacado em esp\u00e9cie levantou suspeitas de lavagem de dinheiro.\n<\/p>\n<p>Para os agentes, a principal linha de investiga\u00e7\u00e3o \u00e9 que haja um esquema de corrup\u00e7\u00e3o envolvendo o representante comercial, que \u00e9 vinculado a uma empresa que mant\u00e9m contratos com \u00f3rg\u00e3os p\u00fablicos estaduais e municipais.\n<\/p>\n<p>A PF detalhou que o funcion\u00e1rio foi pego em flagrante entregando a quantia ao assessor parlamentar, lotado como servidor p\u00fablico.\n<\/p>\n<p>Os dois foram presos em flagrante e autuados pelos crimes de corrup\u00e7\u00e3o e lavagem de dinheiro. Apesar disso, foram liberados ap\u00f3s audi\u00eancia de cust\u00f3dia e responder\u00e3o \u00e0s acusa\u00e7\u00f5es em liberdade.\n<\/p>\n<p>A Pol\u00edcia Federal segue investigando o caso por meio de inqu\u00e9rito para identificar outros envolvidos e esclarecer a origem dos valores.\n<\/p>\n<p>Fonte: CNN Brasil              <\/p>\n<\/div>\n<p><br \/>\n<br \/><a href=\"https:\/\/diariodobrasilnoticias.com.br\/noticia\/pf-prende-dois-homens-com-mais-de-r-1-milhao-em-especie-678ebe774b2cf\">Source link <\/a><\/p>","protected":false},"excerpt":{"rendered":"<p>A Pol\u00edcia Federal prendeu na \u00faltima sexta-feira (17) dois indiv\u00edduos com cerca de R$ 1,1 milh\u00e3o em esp\u00e9cie em Bel\u00e9m (PA). Um dos presos trabalha como assessor parlamentar. O outro&hellip;<\/p>","protected":false},"author":1,"featured_media":93996,"comment_status":"closed","ping_status":"open","sticky":false,"template":"","format":"standard","meta":{"content-type":"","footnotes":""},"categories":[16],"tags":[123,2448,5313,1267],"class_list":["post-93995","post","type-post","status-publish","format-standard","has-post-thumbnail","hentry","category-noticias","tag-brasil","tag-diario","tag-noticia","tag-noticias"],"_links":{"self":[{"href":"https:\/\/tvbrazilusa.com\/pt\/wp-json\/wp\/v2\/posts\/93995","targetHints":{"allow":["GET"]}}],"collection":[{"href":"https:\/\/tvbrazilusa.com\/pt\/wp-json\/wp\/v2\/posts"}],"about":[{"href":"https:\/\/tvbrazilusa.com\/pt\/wp-json\/wp\/v2\/types\/post"}],"author":[{"embeddable":true,"href":"https:\/\/tvbrazilusa.com\/pt\/wp-json\/wp\/v2\/users\/1"}],"replies":[{"embeddable":true,"href":"https:\/\/tvbrazilusa.com\/pt\/wp-json\/wp\/v2\/comments?post=93995"}],"version-history":[{"count":1,"href":"https:\/\/tvbrazilusa.com\/pt\/wp-json\/wp\/v2\/posts\/93995\/revisions"}],"predecessor-version":[{"id":93997,"href":"https:\/\/tvbrazilusa.com\/pt\/wp-json\/wp\/v2\/posts\/93995\/revisions\/93997"}],"wp:featuredmedia":[{"embeddable":true,"href":"https:\/\/tvbrazilusa.com\/pt\/wp-json\/wp\/v2\/media\/93996"}],"wp:attachment":[{"href":"https:\/\/tvbrazilusa.com\/pt\/wp-json\/wp\/v2\/media?parent=93995"}],"wp:term":[{"taxonomy":"category","embeddable":true,"href":"https:\/\/tvbrazilusa.com\/pt\/wp-json\/wp\/v2\/categories?post=93995"},{"taxonomy":"post_tag","embeddable":true,"href":"https:\/\/tvbrazilusa.com\/pt\/wp-json\/wp\/v2\/tags?post=93995"}],"curies":[{"name":"wp","href":"https:\/\/api.w.org\/{rel}","templated":true}]}}