{"id":94004,"date":"2025-01-21T00:35:59","date_gmt":"2025-01-21T00:35:59","guid":{"rendered":"https:\/\/tvbrazilusa.com\/2025\/01\/21\/servidores-denunciam-ibge-paralelo-e-abrem-crise-com-marcio-pochmann\/"},"modified":"2025-01-21T00:36:00","modified_gmt":"2025-01-21T00:36:00","slug":"servidores-denunciam-ibge-paralelo-e-abrem-crise-com-marcio-pochmann","status":"publish","type":"post","link":"https:\/\/tvbrazilusa.com\/pt\/2025\/01\/21\/servidores-denunciam-ibge-paralelo-e-abrem-crise-com-marcio-pochmann\/","title":{"rendered":"Servidores denunciam &#8216;IBGE paralelo&#8217; e abrem crise com M\u00e1rcio Pochmann"},"content":{"rendered":"<p> <script async src=\"https:\/\/pagead2.googlesyndication.com\/pagead\/js\/adsbygoogle.js?client=ca-pub-8864793242727901\"\r\n     crossorigin=\"anonymous\"><\/script><br \/>\n<\/p>\n<div id=\"taboola-read-more\" style=\"display:block; width:100%\">\n<p>A cria\u00e7\u00e3o da funda\u00e7\u00e3o IBGE + deflagrou uma nova crise interna no Instituto Brasileiro de Geografia e Estat\u00edstica e uma guerra de vers\u00f5es entre o presidente do \u00f3rg\u00e3o, M\u00e1rcio Pochmann, e servidores. A rela\u00e7\u00e3o entre a c\u00fapula da entidade e o sindicato j\u00e1 estava deteriorada desde agosto de 2024, quando houve a determina\u00e7\u00e3o de retorno ao trabalho presencial para os funcion\u00e1rios que estavam de home office desde a pandemia.\n<\/p>\n<p>Relembre:<\/p>\n<p>M\u00e1rcio Pochmann foi nomeado pelo presidente Luiz In\u00e1cio Lula da Silva (PT) em julho de 2023.<br \/>Ligado \u00e0 ala mais ideol\u00f3gica do PT, o economista enfrentou resist\u00eancia.<br \/>O sindicato divulgou cr\u00edticas \u00e0 dire\u00e7\u00e3o do \u00f3rg\u00e3o em seu site. O instituto respondeu e, em seguida, foi rebatido.<br \/>De acordo com Pochmann, a cria\u00e7\u00e3o de uma funda\u00e7\u00e3o \u00e9 necess\u00e1ria para o reconhecimento do IBGE como Institui\u00e7\u00e3o de Ci\u00eancia e Tecnologia. Ele afirmou que esse status permitir\u00e1 a busca de recursos n\u00e3o-or\u00e7ament\u00e1rios \u201cessenciais para a urgente e imprescind\u00edvel moderniza\u00e7\u00e3o e fortalecimento tecnol\u00f3gico\u201d. O matem\u00e1tico alegou que o processo foi discutido no Conselho, com comunicado no portal do instituto e no site pr\u00f3prio da funda\u00e7\u00e3o.\n<\/p>\n<p>O Sindicato Nacional dos Trabalhadores e Trabalhadoras do IBGE discorda. Os servidores afirmam que o quadro t\u00e9cnico n\u00e3o foi consultado e destacam a possibilidade de a funda\u00e7\u00e3o \u201ccomprometer a autonomia t\u00e9cnica do \u00f3rg\u00e3o oficial\u201d. De acordo com os sindicalistas, exonera\u00e7\u00f5es recentes na Diretoria de Pesquisas do \u00f3rg\u00e3o demonstram \u201cque n\u00e3o se trata de uma corriqueira discord\u00e2ncia\u201d. A presid\u00eancia nega comprometimento da autonomia t\u00e9cnica.\n<\/p>\n<p>Mais insatisfa\u00e7\u00e3o<br \/>Outro ponto de disc\u00f3rdia \u00e9 uma portaria publicada no dia 22 de agosto de 2024 para determinar o retorno ao trabalho presencial em dois dias por semana. A medida \u00e9 v\u00e1lida para os servidores que permaneceram em regime remoto integral. \u201cEsta decis\u00e3o tamb\u00e9m considerou a necessidade de preparar a recep\u00e7\u00e3o a quase mil novos servidores advindos do Concurso P\u00fablico Nacional Unificado (CNU)\u201d, disse o instituto.\n<\/p>\n<p>A insatisfa\u00e7\u00e3o foi impulsionada porque, no Rio de Janeiro, o IBGE est\u00e1 passando por mudan\u00e7as e funcionar\u00e1 provisoriamente no pr\u00e9dio do Servi\u00e7o Federal de Processamento de Dados (Serpro), na Avenida Chile, regi\u00e3o central da capital fluminense. \u201cO novo espa\u00e7o representa 1\/3 do atualmente ocupado, bem como est\u00e1 a 15 minutos do ponto de \u00f4nibus mais pr\u00f3ximo, num trajeto ermo e sem cal\u00e7ada, ao final do qual se alcan\u00e7a a Rua Pacheco Le\u00e3o, frequentemente intransit\u00e1vel devido a alagamentos, e sem que haja outro acesso\u201d, destaca o sindicato.\n<\/p>\n<p>O \u00f3rg\u00e3o prometeu vans para o transporte de servidores at\u00e9 pontos pr\u00f3ximos \u00e0s suas casas. Segundo o sindicato, a promessa acontece \u201cnum contexto onde o IBGE atrasa pagamentos para fornecedores\u201d e que, por isso, \u201ctraz justificados receios sobre a manuten\u00e7\u00e3o e a qualidade de tal servi\u00e7o\u201d\n<\/p>\n<p>Fonte: Metr\u00f3poles              <\/p>\n<\/div>\n<p><br \/>\n<br \/><a href=\"https:\/\/diariodobrasilnoticias.com.br\/noticia\/servidores-denunciam-ibge-paralelo-e-abrem-crise-com-marcio-pochmann-678ebeef68091\">Source link <\/a><\/p>","protected":false},"excerpt":{"rendered":"<p>A cria\u00e7\u00e3o da funda\u00e7\u00e3o IBGE + deflagrou uma nova crise interna no Instituto Brasileiro de Geografia e Estat\u00edstica e uma guerra de vers\u00f5es entre o presidente do \u00f3rg\u00e3o, M\u00e1rcio Pochmann,&hellip;<\/p>","protected":false},"author":1,"featured_media":94005,"comment_status":"closed","ping_status":"open","sticky":false,"template":"","format":"standard","meta":{"content-type":"","footnotes":""},"categories":[16],"tags":[123,2448,5313,1267],"class_list":["post-94004","post","type-post","status-publish","format-standard","has-post-thumbnail","hentry","category-noticias","tag-brasil","tag-diario","tag-noticia","tag-noticias"],"_links":{"self":[{"href":"https:\/\/tvbrazilusa.com\/pt\/wp-json\/wp\/v2\/posts\/94004","targetHints":{"allow":["GET"]}}],"collection":[{"href":"https:\/\/tvbrazilusa.com\/pt\/wp-json\/wp\/v2\/posts"}],"about":[{"href":"https:\/\/tvbrazilusa.com\/pt\/wp-json\/wp\/v2\/types\/post"}],"author":[{"embeddable":true,"href":"https:\/\/tvbrazilusa.com\/pt\/wp-json\/wp\/v2\/users\/1"}],"replies":[{"embeddable":true,"href":"https:\/\/tvbrazilusa.com\/pt\/wp-json\/wp\/v2\/comments?post=94004"}],"version-history":[{"count":1,"href":"https:\/\/tvbrazilusa.com\/pt\/wp-json\/wp\/v2\/posts\/94004\/revisions"}],"predecessor-version":[{"id":94006,"href":"https:\/\/tvbrazilusa.com\/pt\/wp-json\/wp\/v2\/posts\/94004\/revisions\/94006"}],"wp:featuredmedia":[{"embeddable":true,"href":"https:\/\/tvbrazilusa.com\/pt\/wp-json\/wp\/v2\/media\/94005"}],"wp:attachment":[{"href":"https:\/\/tvbrazilusa.com\/pt\/wp-json\/wp\/v2\/media?parent=94004"}],"wp:term":[{"taxonomy":"category","embeddable":true,"href":"https:\/\/tvbrazilusa.com\/pt\/wp-json\/wp\/v2\/categories?post=94004"},{"taxonomy":"post_tag","embeddable":true,"href":"https:\/\/tvbrazilusa.com\/pt\/wp-json\/wp\/v2\/tags?post=94004"}],"curies":[{"name":"wp","href":"https:\/\/api.w.org\/{rel}","templated":true}]}}