{"id":94007,"date":"2025-01-21T00:47:30","date_gmt":"2025-01-21T00:47:30","guid":{"rendered":"https:\/\/tvbrazilusa.com\/2025\/01\/21\/bolsonaro-chora-durante-posse-de-trump-veja-video\/"},"modified":"2025-01-21T00:47:32","modified_gmt":"2025-01-21T00:47:32","slug":"bolsonaro-chora-durante-posse-de-trump-veja-video","status":"publish","type":"post","link":"https:\/\/tvbrazilusa.com\/pt\/2025\/01\/21\/bolsonaro-chora-durante-posse-de-trump-veja-video\/","title":{"rendered":"Bolsonaro chora durante posse de Trump; VEJA V\u00cdDEO"},"content":{"rendered":"<p> <script async src=\"https:\/\/pagead2.googlesyndication.com\/pagead\/js\/adsbygoogle.js?client=ca-pub-8864793242727901\"\r\n     crossorigin=\"anonymous\"><\/script><br \/>\n<\/p>\n<div>\n<figure class=\"post-image\">\n<\/figure>\n<p>            <span style=\"font-size: 12px\">Reprodu\u00e7\u00e3o<\/span><\/p>\n<p>            <!-- end metas --><br \/>\n            <!-- ADS --><\/p>\n<div id=\"taboola-read-more\" style=\"display:block; width:100%\">\n<p>O ex-presidente Jair Bolsonaro (PL) chorou durante a posse de Donald Trump como presidente dos Estados Unidos. Conforme adiantou o Metr\u00f3poles, o ex-mandat\u00e1rio se emocionou duas vezes durante o discurso do republicano, que assumiu seu segundo mandato \u00e0 frente da Casa Branca nesta segunda-feira (20\/1).\n<\/p>\n<p>O ex-presidente brasileiro foi convidado por Donald Trump para a posse, nesta segunda-feira.<br \/>Bolsonaro viu a cerim\u00f4nia pela TV na sede do PL, em Bras\u00edlia.<br \/>Ele est\u00e1 com passaporte retido ap\u00f3s ser alvo de opera\u00e7\u00e3o da PF sobre suposta tentativa de golpe de estado.<br \/>O ex-presidente apelou ao STF duas vezes para ir aos EUA, sem sucesso.<br \/>O v\u00eddeo foi publicado pelo filho de Bolsonaro, o vereador Carlos Bolsonaro (PL-RJ). Segundo o parlamentar, o ex-presidente comentou: \u201cA minha preocupa\u00e7\u00e3o n\u00e3o \u00e9 perder uma elei\u00e7\u00e3o numa democracia, mas perder a democracia numa elei\u00e7\u00e3o!\u201d.<\/p>\n<p>\u00c0 reportagem, o deputado bolsonarista Evair Vieira de Melo (PP-ES) afirmou que Bolsonaro \u201cse sensibilizou\u201d quando Trump falou sobre o Canal do Panam\u00e1 e o sobre a necessidade de investimento em petr\u00f3leo e energia.\n<\/p>\n<p>O parlamentar, que acompanhou a transmiss\u00e3o com Bolsonaro na sede do PL, em Bras\u00edlia (DF). O ex-presidente foi convidado para a cerim\u00f4nia, mas n\u00e3o p\u00f4de viajar porque est\u00e1 sem passaporte. O documento foi apreendido por ordem do ministro do Supremo Tribunal Federal (STF) Alexandre de Moraes, relator do inqu\u00e9rito sobre a suposta tentativa de golpe de estado.\n<\/p>\n<p><strong>VEJA V\u00cdDEO:<\/strong>\n<\/p>\n<p>Fonte: Metr\u00f3poles              <\/p>\n<\/div>\n<p>                        <!-- Scripts para conteudo --><\/p>\n<p>            <!-- .\/Scripts para conteudo --><br \/>\n            <!-- .\/Mat\u00e9ria --><\/p>\n<div class=\"row mt-3\">\n<div class=\"col-sm-6\">\n                <!-- Whatsapp channel 3--><br \/>\n                <a href=\"https:\/\/chat.whatsapp.com\/B8Qy6Erx4kb6yTzj3kaDco\" target=\"_blank\"><br \/>\n                  <img decoding=\"async\" src=\"https:\/\/diariodobrasilnoticias.com.br\/assets-site\/images\/bot_whatsapp.png\"\/><\/a>\n              <\/div>\n<div class=\"col-sm-6\">\n                <a href=\"https:\/\/t.me\/+_4gTmi5LKo03OTM5\" target=\"_blank\"><br \/>\n                  <img decoding=\"async\" src=\"https:\/\/diariodobrasilnoticias.com.br\/assets-site\/images\/bot_telegram.png\"\/><\/a>\n              <\/div>\n<\/p><\/div>\n<p>            <!-- end post-navigation --><\/p>\n<p>              <!-- end row --><\/p>\n<p>              <!-- end col-12-->\n                      <\/div>\n<p><br \/>\n<br \/><a href=\"https:\/\/diariodobrasilnoticias.com.br\/noticia\/bolsonaro-chora-durante-posse-de-trump-veja-video-678ecd271a82b\">Source link <\/a><\/p>","protected":false},"excerpt":{"rendered":"<p>Reprodu\u00e7\u00e3o O ex-presidente Jair Bolsonaro (PL) chorou durante a posse de Donald Trump como presidente dos Estados Unidos. Conforme adiantou o Metr\u00f3poles, o ex-mandat\u00e1rio se emocionou duas vezes durante o&hellip;<\/p>","protected":false},"author":1,"featured_media":94008,"comment_status":"closed","ping_status":"open","sticky":false,"template":"","format":"standard","meta":{"content-type":"","footnotes":""},"categories":[16],"tags":[123,2448,5313,1267],"class_list":["post-94007","post","type-post","status-publish","format-standard","has-post-thumbnail","hentry","category-noticias","tag-brasil","tag-diario","tag-noticia","tag-noticias"],"_links":{"self":[{"href":"https:\/\/tvbrazilusa.com\/pt\/wp-json\/wp\/v2\/posts\/94007","targetHints":{"allow":["GET"]}}],"collection":[{"href":"https:\/\/tvbrazilusa.com\/pt\/wp-json\/wp\/v2\/posts"}],"about":[{"href":"https:\/\/tvbrazilusa.com\/pt\/wp-json\/wp\/v2\/types\/post"}],"author":[{"embeddable":true,"href":"https:\/\/tvbrazilusa.com\/pt\/wp-json\/wp\/v2\/users\/1"}],"replies":[{"embeddable":true,"href":"https:\/\/tvbrazilusa.com\/pt\/wp-json\/wp\/v2\/comments?post=94007"}],"version-history":[{"count":1,"href":"https:\/\/tvbrazilusa.com\/pt\/wp-json\/wp\/v2\/posts\/94007\/revisions"}],"predecessor-version":[{"id":94009,"href":"https:\/\/tvbrazilusa.com\/pt\/wp-json\/wp\/v2\/posts\/94007\/revisions\/94009"}],"wp:featuredmedia":[{"embeddable":true,"href":"https:\/\/tvbrazilusa.com\/pt\/wp-json\/wp\/v2\/media\/94008"}],"wp:attachment":[{"href":"https:\/\/tvbrazilusa.com\/pt\/wp-json\/wp\/v2\/media?parent=94007"}],"wp:term":[{"taxonomy":"category","embeddable":true,"href":"https:\/\/tvbrazilusa.com\/pt\/wp-json\/wp\/v2\/categories?post=94007"},{"taxonomy":"post_tag","embeddable":true,"href":"https:\/\/tvbrazilusa.com\/pt\/wp-json\/wp\/v2\/tags?post=94007"}],"curies":[{"name":"wp","href":"https:\/\/api.w.org\/{rel}","templated":true}]}}