{"id":94054,"date":"2025-01-21T03:26:44","date_gmt":"2025-01-21T03:26:44","guid":{"rendered":"https:\/\/tvbrazilusa.com\/2025\/01\/21\/extremamente-preocupado-e-extasiado-autoridades-de-connecticut-avaliam-a-posse-de-trump\/"},"modified":"2025-01-21T03:30:29","modified_gmt":"2025-01-21T03:30:29","slug":"extremamente-preocupado-e-extasiado-autoridades-de-connecticut-avaliam-a-posse-de-trump","status":"publish","type":"post","link":"https:\/\/tvbrazilusa.com\/pt\/2025\/01\/21\/extremamente-preocupado-e-extasiado-autoridades-de-connecticut-avaliam-a-posse-de-trump\/","title":{"rendered":"&#8216;Extremamente preocupado&#8217; e &#8216;extasiado&#8217;: autoridades de Connecticut avaliam a posse de Trump"},"content":{"rendered":"<script async src=\"https:\/\/pagead2.googlesyndication.com\/pagead\/js\/adsbygoogle.js?client=ca-pub-8864793242727901\"\r\n     crossorigin=\"anonymous\"><\/script>\n<p>CONNECTICUT (WTNH) \u2013 As principais autoridades eleitas de Connecticut opinaram sobre a posse e as prioridades iniciais do presidente Donald Trump.<\/p>\n<p>\u201cEstou extremamente preocupado que suas a\u00e7\u00f5es possam causar danos graves a Connecticut e rapidamente\u201d, disse o senador Richard Blumenthal, que estava sentado em frente \u00e0 multid\u00e3o na rotunda do Capit\u00f3lio.<\/p>\n<div class=\"nlp-ignore-block article-content rich-text\">\n<aside class=\"promo-link\">\n\t<a href=\"https:\/\/www.wtnh.com\/news\/connecticut\/connecticut-elected-officials-react-to-donald-trumps-inauguration\/?ipid=promo-link-block1\" class=\"promo-link__link\" target=\"\"_blank\"\"><\/p>\n<p>\t\tAutoridades eleitas de Connecticut reagem \u00e0 posse de Donald Trump\t<\/a><br \/>\n<\/aside>\n<\/div>\n<p>Blumenthal op\u00f5e-se fortemente a uma s\u00e9rie de prioridades pol\u00edticas de Trump, incluindo a revers\u00e3o da cidadania por direito de nascen\u00e7a. Por\u00e9m, o senador s\u00eanior de Connecticut disse que concordava com o desejo de Trump de designar os cart\u00e9is de drogas como Organiza\u00e7\u00f5es Terroristas Estrangeiras (FTO).<\/p>\n<p>Blumenthal tamb\u00e9m criticou o posicionamento proeminente de v\u00e1rios executivos de empresas de tecnologia que garantiram assentos cobi\u00e7ados na cerim\u00f4nia interna.<\/p>\n<p>\u201cEra uma imagem do governo \u00e0 venda\u201d, disse Blumenthal.<\/p>\n<p>O procurador-geral do Estado, William Tong, disse na tarde de segunda-feira que estava preparado para tomar medidas legais para combater os efeitos de uma s\u00e9rie de ordens executivas que o presidente dever\u00e1 emitir nas pr\u00f3ximas horas e dias \u2013 incluindo aquelas que podem afetar os direitos dos transg\u00eaneros.<\/p>\n<p>\u201cSe ele fizer alguma coisa com base na sua identidade de g\u00e9nero que tenha impacto nos seus empregos, ou na sua habita\u00e7\u00e3o, ou nos seus cuidados de sa\u00fade, n\u00e3o hesitarei em agir\u201d, disse Tong.<\/p>\n<p>As duras cr\u00edticas dos democratas contrastaram com as celebra\u00e7\u00f5es joviais em Connecticut, com a presen\u00e7a de republicanos estaduais e apoiadores do presidente Trump.<\/p>\n<p>\u201cIsso \u00e9 algo que esperamos h\u00e1 quatro anos\u201d, disse Gary Byron, ex-legislador republicano e personalidade do r\u00e1dio, em uma festa de inaugura\u00e7\u00e3o em New Haven.<\/p>\n<p>\u201cTodos est\u00e3o em \u00eaxtase\u201d, disse o deputado estadual Doug Dubitsky no mesmo evento.<\/p>\n<p>Como \u00e9 que pol\u00edticos como Dubitsky e l\u00edderes populares como Byron respondem aos receios democratas sobre um segundo mandato de Trump?<\/p>\n<p>\u201cEu realmente acho que o povo de Connecticut e o povo deste pa\u00eds n\u00e3o t\u00eam nada a temer de Donald Trump porque ele realmente quer tornar a Am\u00e9rica grande novamente\u201d, disse Dubitsky.<\/p>\n<p>\u201cConversaremos depois de quatro anos e descobriremos. Como est\u00e1 sua vida? Est\u00e1 melhor agora do que antes?\u201d \u2014Bryon disse.<\/p>\n<p><br \/>\n<br \/><a href=\"https:\/\/www.wtnh.com\/news\/politics\/extremely-concerned-and-ecstatic-connecticut-officials-weigh-in-on-trumps-inauguration\/\">Source link <\/a><\/p>","protected":false},"excerpt":{"rendered":"<p>CONNECTICUT (WTNH) \u2013 As principais autoridades eleitas de Connecticut opinaram sobre a posse e as prioridades iniciais do presidente Donald Trump. \u201cEstou extremamente preocupado que suas a\u00e7\u00f5es possam causar danos&hellip;<\/p>","protected":false},"author":1,"featured_media":94055,"comment_status":"closed","ping_status":"open","sticky":false,"template":"","format":"standard","meta":{"content-type":"","footnotes":""},"categories":[1],"tags":[],"class_list":["post-94054","post","type-post","status-publish","format-standard","has-post-thumbnail","hentry","category-uncategorized"],"_links":{"self":[{"href":"https:\/\/tvbrazilusa.com\/pt\/wp-json\/wp\/v2\/posts\/94054","targetHints":{"allow":["GET"]}}],"collection":[{"href":"https:\/\/tvbrazilusa.com\/pt\/wp-json\/wp\/v2\/posts"}],"about":[{"href":"https:\/\/tvbrazilusa.com\/pt\/wp-json\/wp\/v2\/types\/post"}],"author":[{"embeddable":true,"href":"https:\/\/tvbrazilusa.com\/pt\/wp-json\/wp\/v2\/users\/1"}],"replies":[{"embeddable":true,"href":"https:\/\/tvbrazilusa.com\/pt\/wp-json\/wp\/v2\/comments?post=94054"}],"version-history":[{"count":1,"href":"https:\/\/tvbrazilusa.com\/pt\/wp-json\/wp\/v2\/posts\/94054\/revisions"}],"predecessor-version":[{"id":94056,"href":"https:\/\/tvbrazilusa.com\/pt\/wp-json\/wp\/v2\/posts\/94054\/revisions\/94056"}],"wp:featuredmedia":[{"embeddable":true,"href":"https:\/\/tvbrazilusa.com\/pt\/wp-json\/wp\/v2\/media\/94055"}],"wp:attachment":[{"href":"https:\/\/tvbrazilusa.com\/pt\/wp-json\/wp\/v2\/media?parent=94054"}],"wp:term":[{"taxonomy":"category","embeddable":true,"href":"https:\/\/tvbrazilusa.com\/pt\/wp-json\/wp\/v2\/categories?post=94054"},{"taxonomy":"post_tag","embeddable":true,"href":"https:\/\/tvbrazilusa.com\/pt\/wp-json\/wp\/v2\/tags?post=94054"}],"curies":[{"name":"wp","href":"https:\/\/api.w.org\/{rel}","templated":true}]}}