{"id":94115,"date":"2025-01-21T10:10:34","date_gmt":"2025-01-21T10:10:34","guid":{"rendered":"https:\/\/tvbrazilusa.com\/2025\/01\/21\/o-ambiente-de-luto-entre-as-liderancas-do-pt-com-a-posse-de-donald-trump\/"},"modified":"2025-01-21T10:10:36","modified_gmt":"2025-01-21T10:10:36","slug":"o-ambiente-de-luto-entre-as-liderancas-do-pt-com-a-posse-de-donald-trump","status":"publish","type":"post","link":"https:\/\/tvbrazilusa.com\/pt\/2025\/01\/21\/o-ambiente-de-luto-entre-as-liderancas-do-pt-com-a-posse-de-donald-trump\/","title":{"rendered":"O ambiente de luto entre as lideran\u00e7as do PT com a posse de Donald Trump"},"content":{"rendered":"<p> <script async src=\"https:\/\/pagead2.googlesyndication.com\/pagead\/js\/adsbygoogle.js?client=ca-pub-8864793242727901\"\r\n     crossorigin=\"anonymous\"><\/script><br \/>\n<\/p>\n<div id=\"taboola-read-more\" style=\"display:block; width:100%\">\n<p>O retorno de\u00a0<strong>Donald Trump<\/strong>\u00a0\u00e0 Casa Branca tomou conta dos jornais no mundo todo nesta segunda-feira, 20, mas o assunto foi ignorado pela maior parte dos principais deputados e senadores do PT, o maior partido da esquerda no Brasil e a sigla do presidente Luiz In\u00e1cio Lula da Silva, que dever\u00e1 ter uma rela\u00e7\u00e3o apenas protocolar com o novo presidente americano.\u00a0Nas redes sociais petistas, as poucas manifesta\u00e7\u00f5es foram em clima de vel\u00f3rio.\n<\/p>\n<p>O deputado Lindbergh Farias (PT-RJ), futuro l\u00edder da bancada do partido na C\u00e2mara, destacou \u201cos maiores bilion\u00e1rios do mundo\u201d reunidos na cerim\u00f4nia de posse do novo presidente americano. \u201cOs deputados bolsonaristas querem que voc\u00ea acredite que \u00e9 esse tipo de governo que vai governar para o trabalhador pobre\u201d, disse. \u201cN\u00e3o v\u00e3o! Eles s\u00f3 querem lucro, mesmo que voc\u00ea passe fome\u201d, acrescentou.<\/p>\n<p>Ainda na C\u00e2mara dos Deputados, Maria do Ros\u00e1rio (PT-RS) foi ao X (antigo Twitter), rede social de Elon Musk, que ir\u00e1 compor o secretariado de Trump, dizer que o discurso do novo presidente americano \u201c\u00e9 uma amea\u00e7a contra os povos, as na\u00e7\u00f5es, os direitos humanos e o meio ambiente\u201d.\n<\/p>\n<p>\u201cO sujeito que tentou dar um golpe nos EUA voltou agora pelo sistema eleitoral. Algu\u00e9m acredita que n\u00e3o tentar\u00e1 golpear a democracia em todo lugar? N\u00e3o nos intimida\u201d, ressaltou a parlamentar.\n<\/p>\n<p>No Senado, o \u00fanico petista a se manifestar foi Fabiano Contarato (PT-ES).\u00a0 \u201cA posse de Donald Trump marca o come\u00e7o de uma era que promete ser a mais desafiadora de todas para a democracia global. O mundo assiste com apreens\u00e3o a um novo cen\u00e1rio de ascens\u00e3o e empoderamento de movimentos ultraconservadores\u201d, disse o senador capixaba.\n<\/p>\n<p>Nenhum ministro se manifestou diretamente sobre a posse de Trump. O presidente Luiz In\u00e1cio\u00a0<a href=\"https:\/\/12ft.io\/proxy?q=https%3A%2F%2Fveja.abril.com.br%2Fnoticias-sobre%2Fluiz-inacio-lula-da-silva%2F\" target=\"_parent\">Lula<\/a>\u00a0da Silva publicou um cumprimento protocolar \u201cem nome do governo brasileiro\u201d.\u00a0\u201cDesejo ao presidente Trump um mandato exitoso, que contribua para a prosperidade e o bem-estar do povo dos Estados Unidos e um mundo mais justo e pac\u00edfico\u201d, escreveu o petista.\n<\/p>\n<p>\u201cO sujeito que tentou dar um golpe nos EUA voltou agora pelo sistema eleitoral. Algu\u00e9m acredita que n\u00e3o tentar\u00e1 golpear a democracia em todo lugar? N\u00e3o nos intimida\u201d, ressaltou a parlamentar.\n<\/p>\n<p>No Senado, o \u00fanico petista a se manifestar foi Fabiano Contarato (PT-ES). \u201cA posse de Donald Trump marca o come\u00e7o de uma era que promete ser a mais desafiadora de todas para a democracia global. O mundo assiste com apreens\u00e3o a um novo cen\u00e1rio de ascens\u00e3o e empoderamento de movimentos ultraconservadores\u201d, disse o senador capixabaA presidente nacional do PT, deputada Gleisi Hoffmann, mal citou o nome de Trump \u2014 quando citou, foi para falar de outros personagens no evento, como o deputado Eduardo Bolsonaro (PL-SP) e a ex-primeira-dama Michelle Bolsonaro, que representaram o ex-presidente Jair Bolsonaro nos Estados Unidos. \u201cLeio na imprensa que Michelle e Eduardo Bolsonaro ficaram de fora do Capit\u00f3lio durante cerim\u00f4nia de posse de Trump. Assistiram pela TV, como Bolsonaro!\u201d, afirmou. Ela tamb\u00e9m criticou Steve Bannon e Elon Musk por terem feito supostamente nazista na posse.\n<\/p>\n<p>Outros l\u00edderes importantes no Congresso, como os senadores Jaques Wagner (PT-BA), Randolfe Rodrigues (PT-AP) e Humberto Costa (PT-PE) e o deputado Jos\u00e9 Guimar\u00e3es (PT-CE), preferiram enfatizar a reuni\u00e3o ministerial com Lula tamb\u00e9m ocorrida nesta segunda-feira \u2014 nenhum deles falou sobre Trump em suas redes sociais.<\/p>\n<p>Fonte: Veja              <\/p>\n<\/div>\n<p><br \/>\n<br \/><a href=\"https:\/\/diariodobrasilnoticias.com.br\/noticia\/o-ambiente-de-luto-entre-as-liderancas-do-pt-com-a-posse-de-donald-trump-678f6ff24343c\">Source link <\/a><\/p>","protected":false},"excerpt":{"rendered":"<p>O retorno de\u00a0Donald Trump\u00a0\u00e0 Casa Branca tomou conta dos jornais no mundo todo nesta segunda-feira, 20, mas o assunto foi ignorado pela maior parte dos principais deputados e senadores do&hellip;<\/p>","protected":false},"author":1,"featured_media":94116,"comment_status":"closed","ping_status":"open","sticky":false,"template":"","format":"standard","meta":{"content-type":"","footnotes":""},"categories":[16],"tags":[123,2448,5313,1267],"class_list":["post-94115","post","type-post","status-publish","format-standard","has-post-thumbnail","hentry","category-noticias","tag-brasil","tag-diario","tag-noticia","tag-noticias"],"_links":{"self":[{"href":"https:\/\/tvbrazilusa.com\/pt\/wp-json\/wp\/v2\/posts\/94115","targetHints":{"allow":["GET"]}}],"collection":[{"href":"https:\/\/tvbrazilusa.com\/pt\/wp-json\/wp\/v2\/posts"}],"about":[{"href":"https:\/\/tvbrazilusa.com\/pt\/wp-json\/wp\/v2\/types\/post"}],"author":[{"embeddable":true,"href":"https:\/\/tvbrazilusa.com\/pt\/wp-json\/wp\/v2\/users\/1"}],"replies":[{"embeddable":true,"href":"https:\/\/tvbrazilusa.com\/pt\/wp-json\/wp\/v2\/comments?post=94115"}],"version-history":[{"count":1,"href":"https:\/\/tvbrazilusa.com\/pt\/wp-json\/wp\/v2\/posts\/94115\/revisions"}],"predecessor-version":[{"id":94117,"href":"https:\/\/tvbrazilusa.com\/pt\/wp-json\/wp\/v2\/posts\/94115\/revisions\/94117"}],"wp:featuredmedia":[{"embeddable":true,"href":"https:\/\/tvbrazilusa.com\/pt\/wp-json\/wp\/v2\/media\/94116"}],"wp:attachment":[{"href":"https:\/\/tvbrazilusa.com\/pt\/wp-json\/wp\/v2\/media?parent=94115"}],"wp:term":[{"taxonomy":"category","embeddable":true,"href":"https:\/\/tvbrazilusa.com\/pt\/wp-json\/wp\/v2\/categories?post=94115"},{"taxonomy":"post_tag","embeddable":true,"href":"https:\/\/tvbrazilusa.com\/pt\/wp-json\/wp\/v2\/tags?post=94115"}],"curies":[{"name":"wp","href":"https:\/\/api.w.org\/{rel}","templated":true}]}}