{"id":94124,"date":"2025-01-21T10:28:50","date_gmt":"2025-01-21T10:28:50","guid":{"rendered":"https:\/\/tvbrazilusa.com\/2025\/01\/21\/marcal-publica-foto-com-nikolas-em-washington-apos-posse-de-donald-trump\/"},"modified":"2025-01-21T10:28:51","modified_gmt":"2025-01-21T10:28:51","slug":"marcal-publica-foto-com-nikolas-em-washington-apos-posse-de-donald-trump","status":"publish","type":"post","link":"https:\/\/tvbrazilusa.com\/pt\/2025\/01\/21\/marcal-publica-foto-com-nikolas-em-washington-apos-posse-de-donald-trump\/","title":{"rendered":"Mar\u00e7al publica foto com Nikolas em Washington, ap\u00f3s posse de Donald Trump"},"content":{"rendered":"<p> <script async src=\"https:\/\/pagead2.googlesyndication.com\/pagead\/js\/adsbygoogle.js?client=ca-pub-8864793242727901\"\r\n     crossorigin=\"anonymous\"><\/script><br \/>\n<\/p>\n<p>O empres\u00e1rio e ex-candidato \u00e0 Prefeitura de S\u00e3o Paulo nas elei\u00e7\u00f5es de 2024 pelo PRTB, Pablo Mar\u00e7al, publicou, nas redes sociais, registros de um encontro com o deputado federal Nikolas Ferreira (PL-MG) em Washington (EUA).\n<\/p>\n<div id=\"mid2\" data-google-query-id=\"CKPdyM7JhosDFWBPuAQda5oMtQ\">\n<p>Segundo a assessoria de Mar\u00e7al, os dois nomes possuem \u201calinhamento em pautas conservadoras e de renova\u00e7\u00e3o pol\u00edtica\u201d.<\/p>\n<p>Os dois viajaram para participar de eventos relacionados \u00e0 posse do presidente empossado hoje, Donald Trump.\n<\/p>\n<p>Mar\u00e7al visitou diversos lugares na capital dos Estados Unidos, entre eles, ve\u00edculos de comunica\u00e7\u00e3o.\n<\/p>\n<p>De acordo com a equipe do empres\u00e1rio, ele estaria cumprindo uma s\u00e9rie de agendas estrat\u00e9gicas para \u201cfortalecer as rela\u00e7\u00f5es entre o Brasil e os Estados Unidos\u201d.\n<\/p>\n<p>Vamos viver uma era dourada para os Estados Unidos e para o Brasil\u201d, disse Mar\u00e7al. \u201cO empreendedorismo vai se erguer e o povo crist\u00e3o vai se levantar. Teremos um avivamento atrav\u00e9s da pol\u00edtica e eu realmente estou muito animado\u201d, completou.\n<\/p>\n<p><strong>Comitiva da oposi\u00e7\u00e3o<\/strong><br \/>Al\u00e9m dos dois pol\u00edticos, uma comitiva de 21 parlamentares de oposi\u00e7\u00e3o ao governo \u2013 de partidos como PL, Novo, Republicanos e Podemos \u2013 viajou aos Estados Unidos para acompanhar a posse de Donald Trump.\n<\/p>\n<p>O presidente Luiz In\u00e1cio Lula da Silva (PT) n\u00e3o esteve presente no evento. O pa\u00eds foi representado pela embaixadora do Brasil em Washington, Maria Luiza Viotti.\n<\/p>\n<p><strong>Pr\u00f3ximas elei\u00e7\u00f5es<\/strong><br \/>No come\u00e7o deste m\u00eas (8), por meio de nota, Mar\u00e7al confirmou que permanecer\u00e1 no PRTB e ir\u00e1 disputar as elei\u00e7\u00f5es presidenciais em 2026.<\/p>\n<article>\n<div class=\"single-content\">\n<p>Nas elei\u00e7\u00f5es municipais do ano passado, ele terminou a disputa em terceiro lugar, com 28,14% dos votos v\u00e1lidos, atr\u00e1s de Ricardo Nunes (MDB) e Guilherme Boulos (PSOL).\n<\/p>\n<\/div>\n<\/article>\n<\/div>\n<p><br \/>\n<br \/><a href=\"https:\/\/diariodobrasilnoticias.com.br\/noticia\/marcal-publica-foto-com-nikolas-em-washington-apos-posse-de-donald-trump-678f731cab2a3\">Source link <\/a><\/p>","protected":false},"excerpt":{"rendered":"<p>O empres\u00e1rio e ex-candidato \u00e0 Prefeitura de S\u00e3o Paulo nas elei\u00e7\u00f5es de 2024 pelo PRTB, Pablo Mar\u00e7al, publicou, nas redes sociais, registros de um encontro com o deputado federal Nikolas&hellip;<\/p>","protected":false},"author":1,"featured_media":94125,"comment_status":"closed","ping_status":"open","sticky":false,"template":"","format":"standard","meta":{"content-type":"","footnotes":""},"categories":[16],"tags":[123,2448,5313,1267],"class_list":["post-94124","post","type-post","status-publish","format-standard","has-post-thumbnail","hentry","category-noticias","tag-brasil","tag-diario","tag-noticia","tag-noticias"],"_links":{"self":[{"href":"https:\/\/tvbrazilusa.com\/pt\/wp-json\/wp\/v2\/posts\/94124","targetHints":{"allow":["GET"]}}],"collection":[{"href":"https:\/\/tvbrazilusa.com\/pt\/wp-json\/wp\/v2\/posts"}],"about":[{"href":"https:\/\/tvbrazilusa.com\/pt\/wp-json\/wp\/v2\/types\/post"}],"author":[{"embeddable":true,"href":"https:\/\/tvbrazilusa.com\/pt\/wp-json\/wp\/v2\/users\/1"}],"replies":[{"embeddable":true,"href":"https:\/\/tvbrazilusa.com\/pt\/wp-json\/wp\/v2\/comments?post=94124"}],"version-history":[{"count":1,"href":"https:\/\/tvbrazilusa.com\/pt\/wp-json\/wp\/v2\/posts\/94124\/revisions"}],"predecessor-version":[{"id":94126,"href":"https:\/\/tvbrazilusa.com\/pt\/wp-json\/wp\/v2\/posts\/94124\/revisions\/94126"}],"wp:featuredmedia":[{"embeddable":true,"href":"https:\/\/tvbrazilusa.com\/pt\/wp-json\/wp\/v2\/media\/94125"}],"wp:attachment":[{"href":"https:\/\/tvbrazilusa.com\/pt\/wp-json\/wp\/v2\/media?parent=94124"}],"wp:term":[{"taxonomy":"category","embeddable":true,"href":"https:\/\/tvbrazilusa.com\/pt\/wp-json\/wp\/v2\/categories?post=94124"},{"taxonomy":"post_tag","embeddable":true,"href":"https:\/\/tvbrazilusa.com\/pt\/wp-json\/wp\/v2\/tags?post=94124"}],"curies":[{"name":"wp","href":"https:\/\/api.w.org\/{rel}","templated":true}]}}